{"id":5773,"date":"2026-04-26T10:11:49","date_gmt":"2026-04-26T13:11:49","guid":{"rendered":"https:\/\/portalbsnews.com.br\/?p=5773"},"modified":"2026-04-26T10:12:03","modified_gmt":"2026-04-26T13:12:03","slug":"prefeitura-nas-comunidades-leva-servico-a-familias-do-bairro-sao-jose","status":"publish","type":"post","link":"https:\/\/portalbsnews.com.br\/index.php\/2026\/04\/26\/prefeitura-nas-comunidades-leva-servico-a-familias-do-bairro-sao-jose\/","title":{"rendered":"Prefeitura nas Comunidades leva servi\u00e7o a fam\u00edlias do bairro S\u00e3o Jos\u00e9"},"content":{"rendered":"\n<p>Neste s\u00e1bado (25\/04), a Prefeitura de Maca\u00edba realizou mais uma edi\u00e7\u00e3o do programa Prefeitura nas Comunidades, desta vez no bairro S\u00e3o Jos\u00e9. A a\u00e7\u00e3o reuniu uma ampla oferta de servi\u00e7os p\u00fablicos, atendendo \u00e0s demandas da popula\u00e7\u00e3o e levando momentos de lazer, beneficiando centenas de fam\u00edlias, contabilizando cerca de dois mil atendimentos.<\/p>\n\n\n\n<p>Criado em agosto do ano passado, o programa tem como principal objetivo aproximar os servi\u00e7os da gest\u00e3o municipal da popula\u00e7\u00e3o, especialmente daqueles que enfrentam dificuldades para acess\u00e1-los durante a semana. A a\u00e7\u00e3o re\u00fane diversas secretarias, como Sa\u00fade, Esporte, Agricultura, Educa\u00e7\u00e3o, Assist\u00eancia Social e Meio Ambiente, oferecendo atendimentos essenciais de forma integrada e acess\u00edvel.<\/p>\n\n\n\n<figure class=\"wp-block-image aligncenter\"><img decoding=\"async\" src=\"https:\/\/macaiba.rn.gov.br\/wp-content\/uploads\/2026\/04\/a2f24af1-ca45-44d7-8805-8a5579b40bf7-1024x683.jpg\" alt=\"\" class=\"wp-image-26186\"\/><\/figure>\n\n\n\n<p>Os populares que comparecem ao local da a\u00e7\u00e3o tiveram acesso a atendimentos m\u00e9dicos e odontol\u00f3gicos, vacina\u00e7\u00e3o, cadastros para insumos e benef\u00edcios, orienta\u00e7\u00f5es em sa\u00fade e atendimento psicossocial. Tamb\u00e9m foram ofertados servi\u00e7os como Bolsa Fam\u00edlia, corte de cabelo, confec\u00e7\u00e3o de identidade e cart\u00e3o de estacionamento para idosos e pessoas com defici\u00eancia (PCD), assist\u00eancia jur\u00eddica, distribui\u00e7\u00e3o de mudas de \u00e1rvores frut\u00edferas e ornamentais, orienta\u00e7\u00f5es sobre regulariza\u00e7\u00e3o fundi\u00e1ria e licenciamento ambiental e atividades recreativas.<\/p>\n\n\n\n<p>Realizado sempre aos \u00faltimos s\u00e1bados de cada m\u00eas, o Prefeitura nas Comunidades segue um cronograma itinerante, alternando entre \u00e1reas urbanas e rurais do munic\u00edpio, garantindo maior alcance e inclus\u00e3o social para os macaibenses.<\/p>\n\n\n\n<p><strong>Fotos: Raphael Oliveira<\/strong><\/p>\n\n\n\n<p>Fonte <strong>Secom-PMM<\/strong><\/p>\n","protected":false},"excerpt":{"rendered":"<p>Neste s\u00e1bado (25\/04), a Prefeitura de Maca\u00edba realizou mais uma edi\u00e7\u00e3o do programa Prefeitura nas Comunidades, desta vez no bairro<\/p>\n","protected":false},"author":1,"featured_media":5774,"comment_status":"closed","ping_status":"closed","sticky":false,"template":"","format":"standard","meta":{"colormag_page_container_layout":"default_layout","colormag_page_sidebar_layout":"default_layout","_jetpack_memberships_contains_paid_content":false,"footnotes":"","jetpack_publicize_message":"","jetpack_publicize_feature_enabled":true,"jetpack_social_post_already_shared":true,"jetpack_social_options":{"image_generator_settings":{"template":"highway","default_image_id":0,"font":"","enabled":false},"version":2}},"categories":[13],"tags":[],"class_list":["post-5773","post","type-post","status-publish","format-standard","has-post-thumbnail","hentry","category-tudo-sobre-a-cidade-de-macaiba-rn"],"yoast_head":"<!-- This site is optimized with the Yoast SEO plugin v26.5 - https:\/\/yoast.com\/wordpress\/plugins\/seo\/ -->\n<title>Prefeitura nas Comunidades leva servi\u00e7o a fam\u00edlias do bairro S\u00e3o Jos\u00e9 - Portal BS News<\/title>\n<meta name=\"robots\" content=\"index, follow, max-snippet:-1, max-image-preview:large, max-video-preview:-1\" \/>\n<link rel=\"canonical\" href=\"https:\/\/portalbsnews.com.br\/index.php\/2026\/04\/26\/prefeitura-nas-comunidades-leva-servico-a-familias-do-bairro-sao-jose\/\" \/>\n<meta property=\"og:locale\" content=\"pt_BR\" \/>\n<meta property=\"og:type\" content=\"article\" \/>\n<meta property=\"og:title\" content=\"Prefeitura nas Comunidades leva servi\u00e7o a fam\u00edlias do bairro S\u00e3o Jos\u00e9 - Portal BS News\" \/>\n<meta property=\"og:description\" content=\"Neste s\u00e1bado (25\/04), a Prefeitura de Maca\u00edba realizou mais uma edi\u00e7\u00e3o do programa Prefeitura nas Comunidades, desta vez no bairro\" \/>\n<meta property=\"og:url\" content=\"https:\/\/portalbsnews.com.br\/index.php\/2026\/04\/26\/prefeitura-nas-comunidades-leva-servico-a-familias-do-bairro-sao-jose\/\" \/>\n<meta property=\"og:site_name\" content=\"Portal BS News\" \/>\n<meta property=\"article:published_time\" content=\"2026-04-26T13:11:49+00:00\" \/>\n<meta property=\"article:modified_time\" content=\"2026-04-26T13:12:03+00:00\" \/>\n<meta property=\"og:image\" content=\"https:\/\/portalbsnews.com.br\/wp-content\/uploads\/2026\/04\/4a4c12e6-fd2f-4a62-b7bd-92b7221120fd-1024x576-1.jpg\" \/>\n\t<meta property=\"og:image:width\" content=\"1024\" \/>\n\t<meta property=\"og:image:height\" content=\"576\" \/>\n\t<meta property=\"og:image:type\" content=\"image\/jpeg\" \/>\n<meta name=\"author\" content=\"portalbsnews\" \/>\n<meta name=\"twitter:card\" content=\"summary_large_image\" \/>\n<meta name=\"twitter:label1\" content=\"Escrito por\" \/>\n\t<meta name=\"twitter:data1\" content=\"portalbsnews\" \/>\n\t<meta name=\"twitter:label2\" content=\"Est. tempo de leitura\" \/>\n\t<meta name=\"twitter:data2\" content=\"2 minutos\" \/>\n<script type=\"application\/ld+json\" class=\"yoast-schema-graph\">{\"@context\":\"https:\/\/schema.org\",\"@graph\":[{\"@type\":\"Article\",\"@id\":\"https:\/\/portalbsnews.com.br\/index.php\/2026\/04\/26\/prefeitura-nas-comunidades-leva-servico-a-familias-do-bairro-sao-jose\/#article\",\"isPartOf\":{\"@id\":\"https:\/\/portalbsnews.com.br\/index.php\/2026\/04\/26\/prefeitura-nas-comunidades-leva-servico-a-familias-do-bairro-sao-jose\/\"},\"author\":{\"name\":\"portalbsnews\",\"@id\":\"https:\/\/portalbsnews.com.br\/#\/schema\/person\/094313d5332a0d10957695a9d5148b89\"},\"headline\":\"Prefeitura nas Comunidades leva servi\u00e7o a fam\u00edlias do bairro S\u00e3o Jos\u00e9\",\"datePublished\":\"2026-04-26T13:11:49+00:00\",\"dateModified\":\"2026-04-26T13:12:03+00:00\",\"mainEntityOfPage\":{\"@id\":\"https:\/\/portalbsnews.com.br\/index.php\/2026\/04\/26\/prefeitura-nas-comunidades-leva-servico-a-familias-do-bairro-sao-jose\/\"},\"wordCount\":269,\"publisher\":{\"@id\":\"https:\/\/portalbsnews.com.br\/#organization\"},\"image\":{\"@id\":\"https:\/\/portalbsnews.com.br\/index.php\/2026\/04\/26\/prefeitura-nas-comunidades-leva-servico-a-familias-do-bairro-sao-jose\/#primaryimage\"},\"thumbnailUrl\":\"https:\/\/portalbsnews.com.br\/wp-content\/uploads\/2026\/04\/4a4c12e6-fd2f-4a62-b7bd-92b7221120fd-1024x576-1.jpg\",\"articleSection\":[\"Maca\u00edba\"],\"inLanguage\":\"pt-BR\"},{\"@type\":\"WebPage\",\"@id\":\"https:\/\/portalbsnews.com.br\/index.php\/2026\/04\/26\/prefeitura-nas-comunidades-leva-servico-a-familias-do-bairro-sao-jose\/\",\"url\":\"https:\/\/portalbsnews.com.br\/index.php\/2026\/04\/26\/prefeitura-nas-comunidades-leva-servico-a-familias-do-bairro-sao-jose\/\",\"name\":\"Prefeitura nas Comunidades leva servi\u00e7o a fam\u00edlias do bairro S\u00e3o Jos\u00e9 - Portal BS News\",\"isPartOf\":{\"@id\":\"https:\/\/portalbsnews.com.br\/#website\"},\"primaryImageOfPage\":{\"@id\":\"https:\/\/portalbsnews.com.br\/index.php\/2026\/04\/26\/prefeitura-nas-comunidades-leva-servico-a-familias-do-bairro-sao-jose\/#primaryimage\"},\"image\":{\"@id\":\"https:\/\/portalbsnews.com.br\/index.php\/2026\/04\/26\/prefeitura-nas-comunidades-leva-servico-a-familias-do-bairro-sao-jose\/#primaryimage\"},\"thumbnailUrl\":\"https:\/\/portalbsnews.com.br\/wp-content\/uploads\/2026\/04\/4a4c12e6-fd2f-4a62-b7bd-92b7221120fd-1024x576-1.jpg\",\"datePublished\":\"2026-04-26T13:11:49+00:00\",\"dateModified\":\"2026-04-26T13:12:03+00:00\",\"breadcrumb\":{\"@id\":\"https:\/\/portalbsnews.com.br\/index.php\/2026\/04\/26\/prefeitura-nas-comunidades-leva-servico-a-familias-do-bairro-sao-jose\/#breadcrumb\"},\"inLanguage\":\"pt-BR\",\"potentialAction\":[{\"@type\":\"ReadAction\",\"target\":[\"https:\/\/portalbsnews.com.br\/index.php\/2026\/04\/26\/prefeitura-nas-comunidades-leva-servico-a-familias-do-bairro-sao-jose\/\"]}]},{\"@type\":\"ImageObject\",\"inLanguage\":\"pt-BR\",\"@id\":\"https:\/\/portalbsnews.com.br\/index.php\/2026\/04\/26\/prefeitura-nas-comunidades-leva-servico-a-familias-do-bairro-sao-jose\/#primaryimage\",\"url\":\"https:\/\/portalbsnews.com.br\/wp-content\/uploads\/2026\/04\/4a4c12e6-fd2f-4a62-b7bd-92b7221120fd-1024x576-1.jpg\",\"contentUrl\":\"https:\/\/portalbsnews.com.br\/wp-content\/uploads\/2026\/04\/4a4c12e6-fd2f-4a62-b7bd-92b7221120fd-1024x576-1.jpg\",\"width\":1024,\"height\":576},{\"@type\":\"BreadcrumbList\",\"@id\":\"https:\/\/portalbsnews.com.br\/index.php\/2026\/04\/26\/prefeitura-nas-comunidades-leva-servico-a-familias-do-bairro-sao-jose\/#breadcrumb\",\"itemListElement\":[{\"@type\":\"ListItem\",\"position\":1,\"name\":\"In\u00edcio\",\"item\":\"https:\/\/portalbsnews.com.br\/\"},{\"@type\":\"ListItem\",\"position\":2,\"name\":\"Prefeitura nas Comunidades leva servi\u00e7o a fam\u00edlias do bairro S\u00e3o Jos\u00e9\"}]},{\"@type\":\"WebSite\",\"@id\":\"https:\/\/portalbsnews.com.br\/#website\",\"url\":\"https:\/\/portalbsnews.com.br\/\",\"name\":\"Portal BS News\",\"description\":\"Aqui voc\u00ea fica informado!\",\"publisher\":{\"@id\":\"https:\/\/portalbsnews.com.br\/#organization\"},\"potentialAction\":[{\"@type\":\"SearchAction\",\"target\":{\"@type\":\"EntryPoint\",\"urlTemplate\":\"https:\/\/portalbsnews.com.br\/?s={search_term_string}\"},\"query-input\":{\"@type\":\"PropertyValueSpecification\",\"valueRequired\":true,\"valueName\":\"search_term_string\"}}],\"inLanguage\":\"pt-BR\"},{\"@type\":\"Organization\",\"@id\":\"https:\/\/portalbsnews.com.br\/#organization\",\"name\":\"Portal BS News\",\"url\":\"https:\/\/portalbsnews.com.br\/\",\"logo\":{\"@type\":\"ImageObject\",\"inLanguage\":\"pt-BR\",\"@id\":\"https:\/\/portalbsnews.com.br\/#\/schema\/logo\/image\/\",\"url\":\"https:\/\/portalbsnews.com.br\/wp-content\/uploads\/2025\/01\/cropped-LOGO-BS-NEWS.png\",\"contentUrl\":\"https:\/\/portalbsnews.com.br\/wp-content\/uploads\/2025\/01\/cropped-LOGO-BS-NEWS.png\",\"width\":900,\"height\":100,\"caption\":\"Portal BS News\"},\"image\":{\"@id\":\"https:\/\/portalbsnews.com.br\/#\/schema\/logo\/image\/\"}},{\"@type\":\"Person\",\"@id\":\"https:\/\/portalbsnews.com.br\/#\/schema\/person\/094313d5332a0d10957695a9d5148b89\",\"name\":\"portalbsnews\",\"image\":{\"@type\":\"ImageObject\",\"inLanguage\":\"pt-BR\",\"@id\":\"https:\/\/portalbsnews.com.br\/#\/schema\/person\/image\/\",\"url\":\"https:\/\/portalbsnews.com.br\/wp-content\/uploads\/2025\/01\/LATERAL-150x150.png\",\"contentUrl\":\"https:\/\/portalbsnews.com.br\/wp-content\/uploads\/2025\/01\/LATERAL-150x150.png\",\"caption\":\"portalbsnews\"},\"sameAs\":[\"http:\/\/portalbsnews.com.br\"],\"url\":\"https:\/\/portalbsnews.com.br\/index.php\/author\/portalbsnews\/\"}]}<\/script>\n<!-- \/ Yoast SEO plugin. -->","yoast_head_json":{"title":"Prefeitura nas Comunidades leva servi\u00e7o a fam\u00edlias do bairro S\u00e3o Jos\u00e9 - Portal BS News","robots":{"index":"index","follow":"follow","max-snippet":"max-snippet:-1","max-image-preview":"max-image-preview:large","max-video-preview":"max-video-preview:-1"},"canonical":"https:\/\/portalbsnews.com.br\/index.php\/2026\/04\/26\/prefeitura-nas-comunidades-leva-servico-a-familias-do-bairro-sao-jose\/","og_locale":"pt_BR","og_type":"article","og_title":"Prefeitura nas Comunidades leva servi\u00e7o a fam\u00edlias do bairro S\u00e3o Jos\u00e9 - Portal BS News","og_description":"Neste s\u00e1bado (25\/04), a Prefeitura de Maca\u00edba realizou mais uma edi\u00e7\u00e3o do programa Prefeitura nas Comunidades, desta vez no bairro","og_url":"https:\/\/portalbsnews.com.br\/index.php\/2026\/04\/26\/prefeitura-nas-comunidades-leva-servico-a-familias-do-bairro-sao-jose\/","og_site_name":"Portal BS News","article_published_time":"2026-04-26T13:11:49+00:00","article_modified_time":"2026-04-26T13:12:03+00:00","og_image":[{"width":1024,"height":576,"url":"https:\/\/portalbsnews.com.br\/wp-content\/uploads\/2026\/04\/4a4c12e6-fd2f-4a62-b7bd-92b7221120fd-1024x576-1.jpg","type":"image\/jpeg"}],"author":"portalbsnews","twitter_card":"summary_large_image","twitter_misc":{"Escrito por":"portalbsnews","Est. tempo de leitura":"2 minutos"},"schema":{"@context":"https:\/\/schema.org","@graph":[{"@type":"Article","@id":"https:\/\/portalbsnews.com.br\/index.php\/2026\/04\/26\/prefeitura-nas-comunidades-leva-servico-a-familias-do-bairro-sao-jose\/#article","isPartOf":{"@id":"https:\/\/portalbsnews.com.br\/index.php\/2026\/04\/26\/prefeitura-nas-comunidades-leva-servico-a-familias-do-bairro-sao-jose\/"},"author":{"name":"portalbsnews","@id":"https:\/\/portalbsnews.com.br\/#\/schema\/person\/094313d5332a0d10957695a9d5148b89"},"headline":"Prefeitura nas Comunidades leva servi\u00e7o a fam\u00edlias do bairro S\u00e3o Jos\u00e9","datePublished":"2026-04-26T13:11:49+00:00","dateModified":"2026-04-26T13:12:03+00:00","mainEntityOfPage":{"@id":"https:\/\/portalbsnews.com.br\/index.php\/2026\/04\/26\/prefeitura-nas-comunidades-leva-servico-a-familias-do-bairro-sao-jose\/"},"wordCount":269,"publisher":{"@id":"https:\/\/portalbsnews.com.br\/#organization"},"image":{"@id":"https:\/\/portalbsnews.com.br\/index.php\/2026\/04\/26\/prefeitura-nas-comunidades-leva-servico-a-familias-do-bairro-sao-jose\/#primaryimage"},"thumbnailUrl":"https:\/\/portalbsnews.com.br\/wp-content\/uploads\/2026\/04\/4a4c12e6-fd2f-4a62-b7bd-92b7221120fd-1024x576-1.jpg","articleSection":["Maca\u00edba"],"inLanguage":"pt-BR"},{"@type":"WebPage","@id":"https:\/\/portalbsnews.com.br\/index.php\/2026\/04\/26\/prefeitura-nas-comunidades-leva-servico-a-familias-do-bairro-sao-jose\/","url":"https:\/\/portalbsnews.com.br\/index.php\/2026\/04\/26\/prefeitura-nas-comunidades-leva-servico-a-familias-do-bairro-sao-jose\/","name":"Prefeitura nas Comunidades leva servi\u00e7o a fam\u00edlias do bairro S\u00e3o Jos\u00e9 - Portal BS News","isPartOf":{"@id":"https:\/\/portalbsnews.com.br\/#website"},"primaryImageOfPage":{"@id":"https:\/\/portalbsnews.com.br\/index.php\/2026\/04\/26\/prefeitura-nas-comunidades-leva-servico-a-familias-do-bairro-sao-jose\/#primaryimage"},"image":{"@id":"https:\/\/portalbsnews.com.br\/index.php\/2026\/04\/26\/prefeitura-nas-comunidades-leva-servico-a-familias-do-bairro-sao-jose\/#primaryimage"},"thumbnailUrl":"https:\/\/portalbsnews.com.br\/wp-content\/uploads\/2026\/04\/4a4c12e6-fd2f-4a62-b7bd-92b7221120fd-1024x576-1.jpg","datePublished":"2026-04-26T13:11:49+00:00","dateModified":"2026-04-26T13:12:03+00:00","breadcrumb":{"@id":"https:\/\/portalbsnews.com.br\/index.php\/2026\/04\/26\/prefeitura-nas-comunidades-leva-servico-a-familias-do-bairro-sao-jose\/#breadcrumb"},"inLanguage":"pt-BR","potentialAction":[{"@type":"ReadAction","target":["https:\/\/portalbsnews.com.br\/index.php\/2026\/04\/26\/prefeitura-nas-comunidades-leva-servico-a-familias-do-bairro-sao-jose\/"]}]},{"@type":"ImageObject","inLanguage":"pt-BR","@id":"https:\/\/portalbsnews.com.br\/index.php\/2026\/04\/26\/prefeitura-nas-comunidades-leva-servico-a-familias-do-bairro-sao-jose\/#primaryimage","url":"https:\/\/portalbsnews.com.br\/wp-content\/uploads\/2026\/04\/4a4c12e6-fd2f-4a62-b7bd-92b7221120fd-1024x576-1.jpg","contentUrl":"https:\/\/portalbsnews.com.br\/wp-content\/uploads\/2026\/04\/4a4c12e6-fd2f-4a62-b7bd-92b7221120fd-1024x576-1.jpg","width":1024,"height":576},{"@type":"BreadcrumbList","@id":"https:\/\/portalbsnews.com.br\/index.php\/2026\/04\/26\/prefeitura-nas-comunidades-leva-servico-a-familias-do-bairro-sao-jose\/#breadcrumb","itemListElement":[{"@type":"ListItem","position":1,"name":"In\u00edcio","item":"https:\/\/portalbsnews.com.br\/"},{"@type":"ListItem","position":2,"name":"Prefeitura nas Comunidades leva servi\u00e7o a fam\u00edlias do bairro S\u00e3o Jos\u00e9"}]},{"@type":"WebSite","@id":"https:\/\/portalbsnews.com.br\/#website","url":"https:\/\/portalbsnews.com.br\/","name":"Portal BS News","description":"Aqui voc\u00ea fica informado!","publisher":{"@id":"https:\/\/portalbsnews.com.br\/#organization"},"potentialAction":[{"@type":"SearchAction","target":{"@type":"EntryPoint","urlTemplate":"https:\/\/portalbsnews.com.br\/?s={search_term_string}"},"query-input":{"@type":"PropertyValueSpecification","valueRequired":true,"valueName":"search_term_string"}}],"inLanguage":"pt-BR"},{"@type":"Organization","@id":"https:\/\/portalbsnews.com.br\/#organization","name":"Portal BS News","url":"https:\/\/portalbsnews.com.br\/","logo":{"@type":"ImageObject","inLanguage":"pt-BR","@id":"https:\/\/portalbsnews.com.br\/#\/schema\/logo\/image\/","url":"https:\/\/portalbsnews.com.br\/wp-content\/uploads\/2025\/01\/cropped-LOGO-BS-NEWS.png","contentUrl":"https:\/\/portalbsnews.com.br\/wp-content\/uploads\/2025\/01\/cropped-LOGO-BS-NEWS.png","width":900,"height":100,"caption":"Portal BS News"},"image":{"@id":"https:\/\/portalbsnews.com.br\/#\/schema\/logo\/image\/"}},{"@type":"Person","@id":"https:\/\/portalbsnews.com.br\/#\/schema\/person\/094313d5332a0d10957695a9d5148b89","name":"portalbsnews","image":{"@type":"ImageObject","inLanguage":"pt-BR","@id":"https:\/\/portalbsnews.com.br\/#\/schema\/person\/image\/","url":"https:\/\/portalbsnews.com.br\/wp-content\/uploads\/2025\/01\/LATERAL-150x150.png","contentUrl":"https:\/\/portalbsnews.com.br\/wp-content\/uploads\/2025\/01\/LATERAL-150x150.png","caption":"portalbsnews"},"sameAs":["http:\/\/portalbsnews.com.br"],"url":"https:\/\/portalbsnews.com.br\/index.php\/author\/portalbsnews\/"}]}},"jetpack_publicize_connections":[],"jetpack_featured_media_url":"https:\/\/portalbsnews.com.br\/wp-content\/uploads\/2026\/04\/4a4c12e6-fd2f-4a62-b7bd-92b7221120fd-1024x576-1.jpg","jetpack_sharing_enabled":true,"_links":{"self":[{"href":"https:\/\/portalbsnews.com.br\/index.php\/wp-json\/wp\/v2\/posts\/5773","targetHints":{"allow":["GET"]}}],"collection":[{"href":"https:\/\/portalbsnews.com.br\/index.php\/wp-json\/wp\/v2\/posts"}],"about":[{"href":"https:\/\/portalbsnews.com.br\/index.php\/wp-json\/wp\/v2\/types\/post"}],"author":[{"embeddable":true,"href":"https:\/\/portalbsnews.com.br\/index.php\/wp-json\/wp\/v2\/users\/1"}],"replies":[{"embeddable":true,"href":"https:\/\/portalbsnews.com.br\/index.php\/wp-json\/wp\/v2\/comments?post=5773"}],"version-history":[{"count":1,"href":"https:\/\/portalbsnews.com.br\/index.php\/wp-json\/wp\/v2\/posts\/5773\/revisions"}],"predecessor-version":[{"id":5775,"href":"https:\/\/portalbsnews.com.br\/index.php\/wp-json\/wp\/v2\/posts\/5773\/revisions\/5775"}],"wp:featuredmedia":[{"embeddable":true,"href":"https:\/\/portalbsnews.com.br\/index.php\/wp-json\/wp\/v2\/media\/5774"}],"wp:attachment":[{"href":"https:\/\/portalbsnews.com.br\/index.php\/wp-json\/wp\/v2\/media?parent=5773"}],"wp:term":[{"taxonomy":"category","embeddable":true,"href":"https:\/\/portalbsnews.com.br\/index.php\/wp-json\/wp\/v2\/categories?post=5773"},{"taxonomy":"post_tag","embeddable":true,"href":"https:\/\/portalbsnews.com.br\/index.php\/wp-json\/wp\/v2\/tags?post=5773"}],"curies":[{"name":"wp","href":"https:\/\/api.w.org\/{rel}","templated":true}]}}