{"id":5766,"date":"2026-04-25T18:53:51","date_gmt":"2026-04-25T21:53:51","guid":{"rendered":"https:\/\/portalbsnews.com.br\/?p=5766"},"modified":"2026-04-25T18:53:59","modified_gmt":"2026-04-25T21:53:59","slug":"fatima-volta-a-criticar-walter-alves-por-ruptura-politica-e-reforca-nome-de-samanda-ao-senado","status":"publish","type":"post","link":"https:\/\/portalbsnews.com.br\/index.php\/2026\/04\/25\/fatima-volta-a-criticar-walter-alves-por-ruptura-politica-e-reforca-nome-de-samanda-ao-senado\/","title":{"rendered":"F\u00e1tima volta a criticar Walter Alves por ruptura pol\u00edtica e refor\u00e7a nome de Samanda ao Senado"},"content":{"rendered":"\n<p>Sem citar diretamente o nome de Walter Alves durante a declara\u00e7\u00e3o, a governadora disse que havia um acordo sobre a condu\u00e7\u00e3o da sucess\u00e3o estadual e que, posteriormente, esse compromisso foi desfeito. Foto: Ascom\/ALRN.<\/p>\n\n\n\n<p>A governadora F\u00e1tima Bezerra (PT) voltou a criticar o vice-governador Walter Alves (MDB) ao comentar os desdobramentos da sucess\u00e3o estadual de 2026. Em entrevista \u00e0 89 FM de Ass\u00fa, F\u00e1tima afirmou que houve rompimento de um acordo pol\u00edtico firmado anteriormente.<\/p>\n\n\n\n<p>Sem citar diretamente o nome de Walter Alves durante a declara\u00e7\u00e3o, a governadora disse que havia um acordo sobre a condu\u00e7\u00e3o da sucess\u00e3o estadual e que, posteriormente, esse compromisso foi desfeito. Segundo ela, o movimento ocorreu com apoio a um grupo advers\u00e1rio e influenciou sua decis\u00e3o de permanecer no cargo at\u00e9 o fim do mandato.<\/p>\n\n\n\n<p>F\u00e1tima tamb\u00e9m afirmou que tentativas de afast\u00e1-la da disputa ao Senado n\u00e3o surtiram efeito pol\u00edtico. Na avalia\u00e7\u00e3o da governadora, o cen\u00e1rio acabou fortalecendo outros nomes do grupo aliado para a elei\u00e7\u00e3o de 2026.<\/p>\n\n\n\n<p>Ao tratar da sucess\u00e3o para o Senado, a governadora refor\u00e7ou o nome da vereadora de Natal, Samanda Alves (PT). Segundo F\u00e1tima, Samanda re\u00fane condi\u00e7\u00f5es para represent\u00e1-la politicamente na disputa e dar continuidade ao projeto defendido pelo Partido dos Trabalhadores no Rio Grande do Norte.<\/p>\n\n\n\n<p>A governadora tamb\u00e9m citou o ex-secret\u00e1rio de Fazenda, Cadu Xavier (PT) e afirmou que a pr\u00e9-candidatura ao governo estadual est\u00e1 em crescimento dentro do campo aliado.<\/p>\n\n\n\n<p>Fonte 98<\/p>\n","protected":false},"excerpt":{"rendered":"<p>Sem citar diretamente o nome de Walter Alves durante a declara\u00e7\u00e3o, a governadora disse que havia um acordo sobre a<\/p>\n","protected":false},"author":1,"featured_media":5767,"comment_status":"closed","ping_status":"closed","sticky":false,"template":"","format":"standard","meta":{"colormag_page_container_layout":"default_layout","colormag_page_sidebar_layout":"default_layout","_jetpack_memberships_contains_paid_content":false,"footnotes":"","jetpack_publicize_message":"","jetpack_publicize_feature_enabled":true,"jetpack_social_post_already_shared":true,"jetpack_social_options":{"image_generator_settings":{"template":"highway","default_image_id":0,"font":"","enabled":false},"version":2}},"categories":[7],"tags":[],"class_list":["post-5766","post","type-post","status-publish","format-standard","has-post-thumbnail","hentry","category-politica"],"yoast_head":"<!-- This site is optimized with the Yoast SEO plugin v26.5 - https:\/\/yoast.com\/wordpress\/plugins\/seo\/ -->\n<title>F\u00e1tima volta a criticar Walter Alves por ruptura pol\u00edtica e refor\u00e7a nome de Samanda ao Senado - Portal BS News<\/title>\n<meta name=\"robots\" content=\"index, follow, max-snippet:-1, max-image-preview:large, max-video-preview:-1\" \/>\n<link rel=\"canonical\" href=\"https:\/\/portalbsnews.com.br\/index.php\/2026\/04\/25\/fatima-volta-a-criticar-walter-alves-por-ruptura-politica-e-reforca-nome-de-samanda-ao-senado\/\" \/>\n<meta property=\"og:locale\" content=\"pt_BR\" \/>\n<meta property=\"og:type\" content=\"article\" \/>\n<meta property=\"og:title\" content=\"F\u00e1tima volta a criticar Walter Alves por ruptura pol\u00edtica e refor\u00e7a nome de Samanda ao Senado - Portal BS News\" \/>\n<meta property=\"og:description\" content=\"Sem citar diretamente o nome de Walter Alves durante a declara\u00e7\u00e3o, a governadora disse que havia um acordo sobre a\" \/>\n<meta property=\"og:url\" content=\"https:\/\/portalbsnews.com.br\/index.php\/2026\/04\/25\/fatima-volta-a-criticar-walter-alves-por-ruptura-politica-e-reforca-nome-de-samanda-ao-senado\/\" \/>\n<meta property=\"og:site_name\" content=\"Portal BS News\" \/>\n<meta property=\"article:published_time\" content=\"2026-04-25T21:53:51+00:00\" \/>\n<meta property=\"article:modified_time\" content=\"2026-04-25T21:53:59+00:00\" \/>\n<meta property=\"og:image\" content=\"https:\/\/portalbsnews.com.br\/wp-content\/uploads\/2026\/04\/Fatima-Bezerra-Ascom-ALRN.jpg\" \/>\n\t<meta property=\"og:image:width\" content=\"900\" \/>\n\t<meta property=\"og:image:height\" content=\"600\" \/>\n\t<meta property=\"og:image:type\" content=\"image\/jpeg\" \/>\n<meta name=\"author\" content=\"portalbsnews\" \/>\n<meta name=\"twitter:card\" content=\"summary_large_image\" \/>\n<meta name=\"twitter:label1\" content=\"Escrito por\" \/>\n\t<meta name=\"twitter:data1\" content=\"portalbsnews\" \/>\n\t<meta name=\"twitter:label2\" content=\"Est. tempo de leitura\" \/>\n\t<meta name=\"twitter:data2\" content=\"2 minutos\" \/>\n<script type=\"application\/ld+json\" class=\"yoast-schema-graph\">{\"@context\":\"https:\/\/schema.org\",\"@graph\":[{\"@type\":\"Article\",\"@id\":\"https:\/\/portalbsnews.com.br\/index.php\/2026\/04\/25\/fatima-volta-a-criticar-walter-alves-por-ruptura-politica-e-reforca-nome-de-samanda-ao-senado\/#article\",\"isPartOf\":{\"@id\":\"https:\/\/portalbsnews.com.br\/index.php\/2026\/04\/25\/fatima-volta-a-criticar-walter-alves-por-ruptura-politica-e-reforca-nome-de-samanda-ao-senado\/\"},\"author\":{\"name\":\"portalbsnews\",\"@id\":\"https:\/\/portalbsnews.com.br\/#\/schema\/person\/094313d5332a0d10957695a9d5148b89\"},\"headline\":\"F\u00e1tima volta a criticar Walter Alves por ruptura pol\u00edtica e refor\u00e7a nome de Samanda ao Senado\",\"datePublished\":\"2026-04-25T21:53:51+00:00\",\"dateModified\":\"2026-04-25T21:53:59+00:00\",\"mainEntityOfPage\":{\"@id\":\"https:\/\/portalbsnews.com.br\/index.php\/2026\/04\/25\/fatima-volta-a-criticar-walter-alves-por-ruptura-politica-e-reforca-nome-de-samanda-ao-senado\/\"},\"wordCount\":277,\"publisher\":{\"@id\":\"https:\/\/portalbsnews.com.br\/#organization\"},\"image\":{\"@id\":\"https:\/\/portalbsnews.com.br\/index.php\/2026\/04\/25\/fatima-volta-a-criticar-walter-alves-por-ruptura-politica-e-reforca-nome-de-samanda-ao-senado\/#primaryimage\"},\"thumbnailUrl\":\"https:\/\/portalbsnews.com.br\/wp-content\/uploads\/2026\/04\/Fatima-Bezerra-Ascom-ALRN.jpg\",\"articleSection\":[\"Pol\u00edtica\"],\"inLanguage\":\"pt-BR\"},{\"@type\":\"WebPage\",\"@id\":\"https:\/\/portalbsnews.com.br\/index.php\/2026\/04\/25\/fatima-volta-a-criticar-walter-alves-por-ruptura-politica-e-reforca-nome-de-samanda-ao-senado\/\",\"url\":\"https:\/\/portalbsnews.com.br\/index.php\/2026\/04\/25\/fatima-volta-a-criticar-walter-alves-por-ruptura-politica-e-reforca-nome-de-samanda-ao-senado\/\",\"name\":\"F\u00e1tima volta a criticar Walter Alves por ruptura pol\u00edtica e refor\u00e7a nome de Samanda ao Senado - Portal BS News\",\"isPartOf\":{\"@id\":\"https:\/\/portalbsnews.com.br\/#website\"},\"primaryImageOfPage\":{\"@id\":\"https:\/\/portalbsnews.com.br\/index.php\/2026\/04\/25\/fatima-volta-a-criticar-walter-alves-por-ruptura-politica-e-reforca-nome-de-samanda-ao-senado\/#primaryimage\"},\"image\":{\"@id\":\"https:\/\/portalbsnews.com.br\/index.php\/2026\/04\/25\/fatima-volta-a-criticar-walter-alves-por-ruptura-politica-e-reforca-nome-de-samanda-ao-senado\/#primaryimage\"},\"thumbnailUrl\":\"https:\/\/portalbsnews.com.br\/wp-content\/uploads\/2026\/04\/Fatima-Bezerra-Ascom-ALRN.jpg\",\"datePublished\":\"2026-04-25T21:53:51+00:00\",\"dateModified\":\"2026-04-25T21:53:59+00:00\",\"breadcrumb\":{\"@id\":\"https:\/\/portalbsnews.com.br\/index.php\/2026\/04\/25\/fatima-volta-a-criticar-walter-alves-por-ruptura-politica-e-reforca-nome-de-samanda-ao-senado\/#breadcrumb\"},\"inLanguage\":\"pt-BR\",\"potentialAction\":[{\"@type\":\"ReadAction\",\"target\":[\"https:\/\/portalbsnews.com.br\/index.php\/2026\/04\/25\/fatima-volta-a-criticar-walter-alves-por-ruptura-politica-e-reforca-nome-de-samanda-ao-senado\/\"]}]},{\"@type\":\"ImageObject\",\"inLanguage\":\"pt-BR\",\"@id\":\"https:\/\/portalbsnews.com.br\/index.php\/2026\/04\/25\/fatima-volta-a-criticar-walter-alves-por-ruptura-politica-e-reforca-nome-de-samanda-ao-senado\/#primaryimage\",\"url\":\"https:\/\/portalbsnews.com.br\/wp-content\/uploads\/2026\/04\/Fatima-Bezerra-Ascom-ALRN.jpg\",\"contentUrl\":\"https:\/\/portalbsnews.com.br\/wp-content\/uploads\/2026\/04\/Fatima-Bezerra-Ascom-ALRN.jpg\",\"width\":900,\"height\":600},{\"@type\":\"BreadcrumbList\",\"@id\":\"https:\/\/portalbsnews.com.br\/index.php\/2026\/04\/25\/fatima-volta-a-criticar-walter-alves-por-ruptura-politica-e-reforca-nome-de-samanda-ao-senado\/#breadcrumb\",\"itemListElement\":[{\"@type\":\"ListItem\",\"position\":1,\"name\":\"In\u00edcio\",\"item\":\"https:\/\/portalbsnews.com.br\/\"},{\"@type\":\"ListItem\",\"position\":2,\"name\":\"F\u00e1tima volta a criticar Walter Alves por ruptura pol\u00edtica e refor\u00e7a nome de Samanda ao Senado\"}]},{\"@type\":\"WebSite\",\"@id\":\"https:\/\/portalbsnews.com.br\/#website\",\"url\":\"https:\/\/portalbsnews.com.br\/\",\"name\":\"Portal BS News\",\"description\":\"Aqui voc\u00ea fica informado!\",\"publisher\":{\"@id\":\"https:\/\/portalbsnews.com.br\/#organization\"},\"potentialAction\":[{\"@type\":\"SearchAction\",\"target\":{\"@type\":\"EntryPoint\",\"urlTemplate\":\"https:\/\/portalbsnews.com.br\/?s={search_term_string}\"},\"query-input\":{\"@type\":\"PropertyValueSpecification\",\"valueRequired\":true,\"valueName\":\"search_term_string\"}}],\"inLanguage\":\"pt-BR\"},{\"@type\":\"Organization\",\"@id\":\"https:\/\/portalbsnews.com.br\/#organization\",\"name\":\"Portal BS News\",\"url\":\"https:\/\/portalbsnews.com.br\/\",\"logo\":{\"@type\":\"ImageObject\",\"inLanguage\":\"pt-BR\",\"@id\":\"https:\/\/portalbsnews.com.br\/#\/schema\/logo\/image\/\",\"url\":\"https:\/\/portalbsnews.com.br\/wp-content\/uploads\/2025\/01\/cropped-LOGO-BS-NEWS.png\",\"contentUrl\":\"https:\/\/portalbsnews.com.br\/wp-content\/uploads\/2025\/01\/cropped-LOGO-BS-NEWS.png\",\"width\":900,\"height\":100,\"caption\":\"Portal BS News\"},\"image\":{\"@id\":\"https:\/\/portalbsnews.com.br\/#\/schema\/logo\/image\/\"}},{\"@type\":\"Person\",\"@id\":\"https:\/\/portalbsnews.com.br\/#\/schema\/person\/094313d5332a0d10957695a9d5148b89\",\"name\":\"portalbsnews\",\"image\":{\"@type\":\"ImageObject\",\"inLanguage\":\"pt-BR\",\"@id\":\"https:\/\/portalbsnews.com.br\/#\/schema\/person\/image\/\",\"url\":\"https:\/\/portalbsnews.com.br\/wp-content\/uploads\/2025\/01\/LATERAL-150x150.png\",\"contentUrl\":\"https:\/\/portalbsnews.com.br\/wp-content\/uploads\/2025\/01\/LATERAL-150x150.png\",\"caption\":\"portalbsnews\"},\"sameAs\":[\"http:\/\/portalbsnews.com.br\"],\"url\":\"https:\/\/portalbsnews.com.br\/index.php\/author\/portalbsnews\/\"}]}<\/script>\n<!-- \/ Yoast SEO plugin. -->","yoast_head_json":{"title":"F\u00e1tima volta a criticar Walter Alves por ruptura pol\u00edtica e refor\u00e7a nome de Samanda ao Senado - Portal BS News","robots":{"index":"index","follow":"follow","max-snippet":"max-snippet:-1","max-image-preview":"max-image-preview:large","max-video-preview":"max-video-preview:-1"},"canonical":"https:\/\/portalbsnews.com.br\/index.php\/2026\/04\/25\/fatima-volta-a-criticar-walter-alves-por-ruptura-politica-e-reforca-nome-de-samanda-ao-senado\/","og_locale":"pt_BR","og_type":"article","og_title":"F\u00e1tima volta a criticar Walter Alves por ruptura pol\u00edtica e refor\u00e7a nome de Samanda ao Senado - Portal BS News","og_description":"Sem citar diretamente o nome de Walter Alves durante a declara\u00e7\u00e3o, a governadora disse que havia um acordo sobre a","og_url":"https:\/\/portalbsnews.com.br\/index.php\/2026\/04\/25\/fatima-volta-a-criticar-walter-alves-por-ruptura-politica-e-reforca-nome-de-samanda-ao-senado\/","og_site_name":"Portal BS News","article_published_time":"2026-04-25T21:53:51+00:00","article_modified_time":"2026-04-25T21:53:59+00:00","og_image":[{"width":900,"height":600,"url":"https:\/\/portalbsnews.com.br\/wp-content\/uploads\/2026\/04\/Fatima-Bezerra-Ascom-ALRN.jpg","type":"image\/jpeg"}],"author":"portalbsnews","twitter_card":"summary_large_image","twitter_misc":{"Escrito por":"portalbsnews","Est. tempo de leitura":"2 minutos"},"schema":{"@context":"https:\/\/schema.org","@graph":[{"@type":"Article","@id":"https:\/\/portalbsnews.com.br\/index.php\/2026\/04\/25\/fatima-volta-a-criticar-walter-alves-por-ruptura-politica-e-reforca-nome-de-samanda-ao-senado\/#article","isPartOf":{"@id":"https:\/\/portalbsnews.com.br\/index.php\/2026\/04\/25\/fatima-volta-a-criticar-walter-alves-por-ruptura-politica-e-reforca-nome-de-samanda-ao-senado\/"},"author":{"name":"portalbsnews","@id":"https:\/\/portalbsnews.com.br\/#\/schema\/person\/094313d5332a0d10957695a9d5148b89"},"headline":"F\u00e1tima volta a criticar Walter Alves por ruptura pol\u00edtica e refor\u00e7a nome de Samanda ao Senado","datePublished":"2026-04-25T21:53:51+00:00","dateModified":"2026-04-25T21:53:59+00:00","mainEntityOfPage":{"@id":"https:\/\/portalbsnews.com.br\/index.php\/2026\/04\/25\/fatima-volta-a-criticar-walter-alves-por-ruptura-politica-e-reforca-nome-de-samanda-ao-senado\/"},"wordCount":277,"publisher":{"@id":"https:\/\/portalbsnews.com.br\/#organization"},"image":{"@id":"https:\/\/portalbsnews.com.br\/index.php\/2026\/04\/25\/fatima-volta-a-criticar-walter-alves-por-ruptura-politica-e-reforca-nome-de-samanda-ao-senado\/#primaryimage"},"thumbnailUrl":"https:\/\/portalbsnews.com.br\/wp-content\/uploads\/2026\/04\/Fatima-Bezerra-Ascom-ALRN.jpg","articleSection":["Pol\u00edtica"],"inLanguage":"pt-BR"},{"@type":"WebPage","@id":"https:\/\/portalbsnews.com.br\/index.php\/2026\/04\/25\/fatima-volta-a-criticar-walter-alves-por-ruptura-politica-e-reforca-nome-de-samanda-ao-senado\/","url":"https:\/\/portalbsnews.com.br\/index.php\/2026\/04\/25\/fatima-volta-a-criticar-walter-alves-por-ruptura-politica-e-reforca-nome-de-samanda-ao-senado\/","name":"F\u00e1tima volta a criticar Walter Alves por ruptura pol\u00edtica e refor\u00e7a nome de Samanda ao Senado - Portal BS News","isPartOf":{"@id":"https:\/\/portalbsnews.com.br\/#website"},"primaryImageOfPage":{"@id":"https:\/\/portalbsnews.com.br\/index.php\/2026\/04\/25\/fatima-volta-a-criticar-walter-alves-por-ruptura-politica-e-reforca-nome-de-samanda-ao-senado\/#primaryimage"},"image":{"@id":"https:\/\/portalbsnews.com.br\/index.php\/2026\/04\/25\/fatima-volta-a-criticar-walter-alves-por-ruptura-politica-e-reforca-nome-de-samanda-ao-senado\/#primaryimage"},"thumbnailUrl":"https:\/\/portalbsnews.com.br\/wp-content\/uploads\/2026\/04\/Fatima-Bezerra-Ascom-ALRN.jpg","datePublished":"2026-04-25T21:53:51+00:00","dateModified":"2026-04-25T21:53:59+00:00","breadcrumb":{"@id":"https:\/\/portalbsnews.com.br\/index.php\/2026\/04\/25\/fatima-volta-a-criticar-walter-alves-por-ruptura-politica-e-reforca-nome-de-samanda-ao-senado\/#breadcrumb"},"inLanguage":"pt-BR","potentialAction":[{"@type":"ReadAction","target":["https:\/\/portalbsnews.com.br\/index.php\/2026\/04\/25\/fatima-volta-a-criticar-walter-alves-por-ruptura-politica-e-reforca-nome-de-samanda-ao-senado\/"]}]},{"@type":"ImageObject","inLanguage":"pt-BR","@id":"https:\/\/portalbsnews.com.br\/index.php\/2026\/04\/25\/fatima-volta-a-criticar-walter-alves-por-ruptura-politica-e-reforca-nome-de-samanda-ao-senado\/#primaryimage","url":"https:\/\/portalbsnews.com.br\/wp-content\/uploads\/2026\/04\/Fatima-Bezerra-Ascom-ALRN.jpg","contentUrl":"https:\/\/portalbsnews.com.br\/wp-content\/uploads\/2026\/04\/Fatima-Bezerra-Ascom-ALRN.jpg","width":900,"height":600},{"@type":"BreadcrumbList","@id":"https:\/\/portalbsnews.com.br\/index.php\/2026\/04\/25\/fatima-volta-a-criticar-walter-alves-por-ruptura-politica-e-reforca-nome-de-samanda-ao-senado\/#breadcrumb","itemListElement":[{"@type":"ListItem","position":1,"name":"In\u00edcio","item":"https:\/\/portalbsnews.com.br\/"},{"@type":"ListItem","position":2,"name":"F\u00e1tima volta a criticar Walter Alves por ruptura pol\u00edtica e refor\u00e7a nome de Samanda ao Senado"}]},{"@type":"WebSite","@id":"https:\/\/portalbsnews.com.br\/#website","url":"https:\/\/portalbsnews.com.br\/","name":"Portal BS News","description":"Aqui voc\u00ea fica informado!","publisher":{"@id":"https:\/\/portalbsnews.com.br\/#organization"},"potentialAction":[{"@type":"SearchAction","target":{"@type":"EntryPoint","urlTemplate":"https:\/\/portalbsnews.com.br\/?s={search_term_string}"},"query-input":{"@type":"PropertyValueSpecification","valueRequired":true,"valueName":"search_term_string"}}],"inLanguage":"pt-BR"},{"@type":"Organization","@id":"https:\/\/portalbsnews.com.br\/#organization","name":"Portal BS News","url":"https:\/\/portalbsnews.com.br\/","logo":{"@type":"ImageObject","inLanguage":"pt-BR","@id":"https:\/\/portalbsnews.com.br\/#\/schema\/logo\/image\/","url":"https:\/\/portalbsnews.com.br\/wp-content\/uploads\/2025\/01\/cropped-LOGO-BS-NEWS.png","contentUrl":"https:\/\/portalbsnews.com.br\/wp-content\/uploads\/2025\/01\/cropped-LOGO-BS-NEWS.png","width":900,"height":100,"caption":"Portal BS News"},"image":{"@id":"https:\/\/portalbsnews.com.br\/#\/schema\/logo\/image\/"}},{"@type":"Person","@id":"https:\/\/portalbsnews.com.br\/#\/schema\/person\/094313d5332a0d10957695a9d5148b89","name":"portalbsnews","image":{"@type":"ImageObject","inLanguage":"pt-BR","@id":"https:\/\/portalbsnews.com.br\/#\/schema\/person\/image\/","url":"https:\/\/portalbsnews.com.br\/wp-content\/uploads\/2025\/01\/LATERAL-150x150.png","contentUrl":"https:\/\/portalbsnews.com.br\/wp-content\/uploads\/2025\/01\/LATERAL-150x150.png","caption":"portalbsnews"},"sameAs":["http:\/\/portalbsnews.com.br"],"url":"https:\/\/portalbsnews.com.br\/index.php\/author\/portalbsnews\/"}]}},"jetpack_publicize_connections":[],"jetpack_featured_media_url":"https:\/\/portalbsnews.com.br\/wp-content\/uploads\/2026\/04\/Fatima-Bezerra-Ascom-ALRN.jpg","jetpack_sharing_enabled":true,"_links":{"self":[{"href":"https:\/\/portalbsnews.com.br\/index.php\/wp-json\/wp\/v2\/posts\/5766","targetHints":{"allow":["GET"]}}],"collection":[{"href":"https:\/\/portalbsnews.com.br\/index.php\/wp-json\/wp\/v2\/posts"}],"about":[{"href":"https:\/\/portalbsnews.com.br\/index.php\/wp-json\/wp\/v2\/types\/post"}],"author":[{"embeddable":true,"href":"https:\/\/portalbsnews.com.br\/index.php\/wp-json\/wp\/v2\/users\/1"}],"replies":[{"embeddable":true,"href":"https:\/\/portalbsnews.com.br\/index.php\/wp-json\/wp\/v2\/comments?post=5766"}],"version-history":[{"count":1,"href":"https:\/\/portalbsnews.com.br\/index.php\/wp-json\/wp\/v2\/posts\/5766\/revisions"}],"predecessor-version":[{"id":5768,"href":"https:\/\/portalbsnews.com.br\/index.php\/wp-json\/wp\/v2\/posts\/5766\/revisions\/5768"}],"wp:featuredmedia":[{"embeddable":true,"href":"https:\/\/portalbsnews.com.br\/index.php\/wp-json\/wp\/v2\/media\/5767"}],"wp:attachment":[{"href":"https:\/\/portalbsnews.com.br\/index.php\/wp-json\/wp\/v2\/media?parent=5766"}],"wp:term":[{"taxonomy":"category","embeddable":true,"href":"https:\/\/portalbsnews.com.br\/index.php\/wp-json\/wp\/v2\/categories?post=5766"},{"taxonomy":"post_tag","embeddable":true,"href":"https:\/\/portalbsnews.com.br\/index.php\/wp-json\/wp\/v2\/tags?post=5766"}],"curies":[{"name":"wp","href":"https:\/\/api.w.org\/{rel}","templated":true}]}}