{"id":5763,"date":"2026-04-25T18:51:37","date_gmt":"2026-04-25T21:51:37","guid":{"rendered":"https:\/\/portalbsnews.com.br\/?p=5763"},"modified":"2026-04-25T18:51:46","modified_gmt":"2026-04-25T21:51:46","slug":"apos-reajuste-na-tarifa-aneel-define-que-maio-tera-bandeira-amarela-na-conta-de-energia","status":"publish","type":"post","link":"https:\/\/portalbsnews.com.br\/index.php\/2026\/04\/25\/apos-reajuste-na-tarifa-aneel-define-que-maio-tera-bandeira-amarela-na-conta-de-energia\/","title":{"rendered":"Ap\u00f3s reajuste na tarifa, Aneel define que maio ter\u00e1 bandeira amarela na conta de energia"},"content":{"rendered":"\n<p>Foto: Heilysmar Lima<\/p>\n\n\n\n<p>A Ag\u00eancia Nacional de Energia El\u00e9trica (Aneel) anunciou, nessa sexta-feira (24), que a bandeira tarif\u00e1ria em maio ser\u00e1 amarela, com um acr\u00e9scimo nas contas de luz para todos os consumidores conectados ao Sistema Interligado Nacional (SIN). Na \u00faltima quarta-feira (22), a ag\u00eancia j\u00e1 havia autorizado um&nbsp;<a href=\"https:\/\/portaldatropical.com.br\/news\/aneel-autoriza-aumento-na-conta-de-energia-no-rn-confira\"><strong>aumento na conta de energia<\/strong><\/a>&nbsp;para os consumidores do Rio Grande do Norte.<\/p>\n\n\n\n<p>Segundo a Aneel, a decis\u00e3o foi tomada devido \u00e0 redu\u00e7\u00e3o de chuvas na transi\u00e7\u00e3o do per\u00edodo chuvoso para o seco, o que leva a uma gera\u00e7\u00e3o hidrel\u00e9trica menor e ao acionamento de usinas termel\u00e9tricas, com custo mais elevado. &#8220;Em consequ\u00eancia, os consumidores de energia el\u00e9trica ter\u00e3o custo adicional de R$ 1,885 a cada 100 kWh consumidos&#8221;, explicou a ag\u00eancia reguladora.<\/p>\n\n\n\n<p>A conta de luz est\u00e1 com bandeira verde, sem acr\u00e9scimo, desde janeiro, definida devido \u00e0s condi\u00e7\u00f5es favor\u00e1veis de gera\u00e7\u00e3o de energia, com os reservat\u00f3rios das usinas hidrel\u00e9tricas em n\u00edveis satisfat\u00f3rios.&nbsp;<\/p>\n\n\n\n<p>Criado em 2015 pela Aneel, o sistema de bandeiras tarif\u00e1rias reflete os custos vari\u00e1veis da gera\u00e7\u00e3o de energia el\u00e9trica.&nbsp;Divididas em cores, as bandeiras indicam quanto est\u00e1 custando para o SIN gerar a energia usada nas resid\u00eancias, em estabelecimentos comerciais e nas ind\u00fastrias.<\/p>\n\n\n\n<p>A cada m\u00eas, as condi\u00e7\u00f5es de opera\u00e7\u00e3o do sistema de gera\u00e7\u00e3o de energia el\u00e9trica s\u00e3o reavaliadas pelo Operador Nacional do Sistema El\u00e9trico (ONS), &nbsp;que define a melhor estrat\u00e9gia de gera\u00e7\u00e3o de energia para atendimento da demanda e tra\u00e7a uma previs\u00e3o de custos a serem cobertos pelas bandeiras.&nbsp;<\/p>\n\n\n\n<p>As cores das bandeiras tarif\u00e1rias s\u00e3o definidas a partir da previs\u00e3o de varia\u00e7\u00e3o do custo da energia em cada m\u00eas. Quando a conta de luz \u00e9 calculada pela bandeira verde, n\u00e3o h\u00e1 nenhum acr\u00e9scimo. Quando s\u00e3o aplicadas as bandeiras vermelha ou amarela, a conta tem acr\u00e9scimo a cada 100 quilowatts-hora (kWh) consumido.<\/p>\n\n\n\n<p><strong>Os valores cobrados s\u00e3o os seguintes:&nbsp;<\/strong><\/p>\n\n\n\n<ul class=\"wp-block-list\">\n<li>bandeira amarela, com condi\u00e7\u00f5es de gera\u00e7\u00e3o menos favor\u00e1veis, a tarifa sofre acr\u00e9scimo de R$ 1,88 para cada 100 quilowatt-hora (kWh) consumido;\u00a0<\/li>\n\n\n\n<li>bandeira vermelha, no Patamar 1, com condi\u00e7\u00f5es mais custosas de gera\u00e7\u00e3o, a tarifa sofre acr\u00e9scimo de R$ 4,46 para 100 quilowatt-hora kWh consumido;\u00a0<\/li>\n\n\n\n<li>bandeira vermelha, no Patamar 2, as condi\u00e7\u00f5es de gera\u00e7\u00e3o s\u00e3o ainda mais custosas, com acr\u00e9scimo na tarifa de R$ 7,87 para cada 100 quilowatt-hora kWh consumido.\u00a0<\/li>\n<\/ul>\n\n\n\n<p>Fonte <em>Ag\u00eancia Brasil<\/em><\/p>\n","protected":false},"excerpt":{"rendered":"<p>Foto: Heilysmar Lima A Ag\u00eancia Nacional de Energia El\u00e9trica (Aneel) anunciou, nessa sexta-feira (24), que a bandeira tarif\u00e1ria em maio<\/p>\n","protected":false},"author":1,"featured_media":5764,"comment_status":"closed","ping_status":"closed","sticky":false,"template":"","format":"standard","meta":{"colormag_page_container_layout":"default_layout","colormag_page_sidebar_layout":"default_layout","_jetpack_memberships_contains_paid_content":false,"footnotes":"","jetpack_publicize_message":"","jetpack_publicize_feature_enabled":true,"jetpack_social_post_already_shared":true,"jetpack_social_options":{"image_generator_settings":{"template":"highway","default_image_id":0,"font":"","enabled":false},"version":2}},"categories":[10],"tags":[],"class_list":["post-5763","post","type-post","status-publish","format-standard","has-post-thumbnail","hentry","category-brasil"],"yoast_head":"<!-- This site is optimized with the Yoast SEO plugin v26.5 - https:\/\/yoast.com\/wordpress\/plugins\/seo\/ -->\n<title>Ap\u00f3s reajuste na tarifa, Aneel define que maio ter\u00e1 bandeira amarela na conta de energia - Portal BS News<\/title>\n<meta name=\"robots\" content=\"index, follow, max-snippet:-1, max-image-preview:large, max-video-preview:-1\" \/>\n<link rel=\"canonical\" href=\"https:\/\/portalbsnews.com.br\/index.php\/2026\/04\/25\/apos-reajuste-na-tarifa-aneel-define-que-maio-tera-bandeira-amarela-na-conta-de-energia\/\" \/>\n<meta property=\"og:locale\" content=\"pt_BR\" \/>\n<meta property=\"og:type\" content=\"article\" \/>\n<meta property=\"og:title\" content=\"Ap\u00f3s reajuste na tarifa, Aneel define que maio ter\u00e1 bandeira amarela na conta de energia - Portal BS News\" \/>\n<meta property=\"og:description\" content=\"Foto: Heilysmar Lima A Ag\u00eancia Nacional de Energia El\u00e9trica (Aneel) anunciou, nessa sexta-feira (24), que a bandeira tarif\u00e1ria em maio\" \/>\n<meta property=\"og:url\" content=\"https:\/\/portalbsnews.com.br\/index.php\/2026\/04\/25\/apos-reajuste-na-tarifa-aneel-define-que-maio-tera-bandeira-amarela-na-conta-de-energia\/\" \/>\n<meta property=\"og:site_name\" content=\"Portal BS News\" \/>\n<meta property=\"article:published_time\" content=\"2026-04-25T21:51:37+00:00\" \/>\n<meta property=\"article:modified_time\" content=\"2026-04-25T21:51:46+00:00\" \/>\n<meta property=\"og:image\" content=\"https:\/\/portalbsnews.com.br\/wp-content\/uploads\/2026\/04\/e9jmpykz2ogxed8zzx8il8xvrqy7d7-scaled.jpg\" \/>\n\t<meta property=\"og:image:width\" content=\"2560\" \/>\n\t<meta property=\"og:image:height\" content=\"1920\" \/>\n\t<meta property=\"og:image:type\" content=\"image\/jpeg\" \/>\n<meta name=\"author\" content=\"portalbsnews\" \/>\n<meta name=\"twitter:card\" content=\"summary_large_image\" \/>\n<meta name=\"twitter:label1\" content=\"Escrito por\" \/>\n\t<meta name=\"twitter:data1\" content=\"portalbsnews\" \/>\n\t<meta name=\"twitter:label2\" content=\"Est. tempo de leitura\" \/>\n\t<meta name=\"twitter:data2\" content=\"3 minutos\" \/>\n<script type=\"application\/ld+json\" class=\"yoast-schema-graph\">{\"@context\":\"https:\/\/schema.org\",\"@graph\":[{\"@type\":\"Article\",\"@id\":\"https:\/\/portalbsnews.com.br\/index.php\/2026\/04\/25\/apos-reajuste-na-tarifa-aneel-define-que-maio-tera-bandeira-amarela-na-conta-de-energia\/#article\",\"isPartOf\":{\"@id\":\"https:\/\/portalbsnews.com.br\/index.php\/2026\/04\/25\/apos-reajuste-na-tarifa-aneel-define-que-maio-tera-bandeira-amarela-na-conta-de-energia\/\"},\"author\":{\"name\":\"portalbsnews\",\"@id\":\"https:\/\/portalbsnews.com.br\/#\/schema\/person\/094313d5332a0d10957695a9d5148b89\"},\"headline\":\"Ap\u00f3s reajuste na tarifa, Aneel define que maio ter\u00e1 bandeira amarela na conta de energia\",\"datePublished\":\"2026-04-25T21:51:37+00:00\",\"dateModified\":\"2026-04-25T21:51:46+00:00\",\"mainEntityOfPage\":{\"@id\":\"https:\/\/portalbsnews.com.br\/index.php\/2026\/04\/25\/apos-reajuste-na-tarifa-aneel-define-que-maio-tera-bandeira-amarela-na-conta-de-energia\/\"},\"wordCount\":443,\"publisher\":{\"@id\":\"https:\/\/portalbsnews.com.br\/#organization\"},\"image\":{\"@id\":\"https:\/\/portalbsnews.com.br\/index.php\/2026\/04\/25\/apos-reajuste-na-tarifa-aneel-define-que-maio-tera-bandeira-amarela-na-conta-de-energia\/#primaryimage\"},\"thumbnailUrl\":\"https:\/\/portalbsnews.com.br\/wp-content\/uploads\/2026\/04\/e9jmpykz2ogxed8zzx8il8xvrqy7d7-scaled.jpg\",\"articleSection\":[\"Brasil\"],\"inLanguage\":\"pt-BR\"},{\"@type\":\"WebPage\",\"@id\":\"https:\/\/portalbsnews.com.br\/index.php\/2026\/04\/25\/apos-reajuste-na-tarifa-aneel-define-que-maio-tera-bandeira-amarela-na-conta-de-energia\/\",\"url\":\"https:\/\/portalbsnews.com.br\/index.php\/2026\/04\/25\/apos-reajuste-na-tarifa-aneel-define-que-maio-tera-bandeira-amarela-na-conta-de-energia\/\",\"name\":\"Ap\u00f3s reajuste na tarifa, Aneel define que maio ter\u00e1 bandeira amarela na conta de energia - Portal BS News\",\"isPartOf\":{\"@id\":\"https:\/\/portalbsnews.com.br\/#website\"},\"primaryImageOfPage\":{\"@id\":\"https:\/\/portalbsnews.com.br\/index.php\/2026\/04\/25\/apos-reajuste-na-tarifa-aneel-define-que-maio-tera-bandeira-amarela-na-conta-de-energia\/#primaryimage\"},\"image\":{\"@id\":\"https:\/\/portalbsnews.com.br\/index.php\/2026\/04\/25\/apos-reajuste-na-tarifa-aneel-define-que-maio-tera-bandeira-amarela-na-conta-de-energia\/#primaryimage\"},\"thumbnailUrl\":\"https:\/\/portalbsnews.com.br\/wp-content\/uploads\/2026\/04\/e9jmpykz2ogxed8zzx8il8xvrqy7d7-scaled.jpg\",\"datePublished\":\"2026-04-25T21:51:37+00:00\",\"dateModified\":\"2026-04-25T21:51:46+00:00\",\"breadcrumb\":{\"@id\":\"https:\/\/portalbsnews.com.br\/index.php\/2026\/04\/25\/apos-reajuste-na-tarifa-aneel-define-que-maio-tera-bandeira-amarela-na-conta-de-energia\/#breadcrumb\"},\"inLanguage\":\"pt-BR\",\"potentialAction\":[{\"@type\":\"ReadAction\",\"target\":[\"https:\/\/portalbsnews.com.br\/index.php\/2026\/04\/25\/apos-reajuste-na-tarifa-aneel-define-que-maio-tera-bandeira-amarela-na-conta-de-energia\/\"]}]},{\"@type\":\"ImageObject\",\"inLanguage\":\"pt-BR\",\"@id\":\"https:\/\/portalbsnews.com.br\/index.php\/2026\/04\/25\/apos-reajuste-na-tarifa-aneel-define-que-maio-tera-bandeira-amarela-na-conta-de-energia\/#primaryimage\",\"url\":\"https:\/\/portalbsnews.com.br\/wp-content\/uploads\/2026\/04\/e9jmpykz2ogxed8zzx8il8xvrqy7d7-scaled.jpg\",\"contentUrl\":\"https:\/\/portalbsnews.com.br\/wp-content\/uploads\/2026\/04\/e9jmpykz2ogxed8zzx8il8xvrqy7d7-scaled.jpg\",\"width\":2560,\"height\":1920},{\"@type\":\"BreadcrumbList\",\"@id\":\"https:\/\/portalbsnews.com.br\/index.php\/2026\/04\/25\/apos-reajuste-na-tarifa-aneel-define-que-maio-tera-bandeira-amarela-na-conta-de-energia\/#breadcrumb\",\"itemListElement\":[{\"@type\":\"ListItem\",\"position\":1,\"name\":\"In\u00edcio\",\"item\":\"https:\/\/portalbsnews.com.br\/\"},{\"@type\":\"ListItem\",\"position\":2,\"name\":\"Ap\u00f3s reajuste na tarifa, Aneel define que maio ter\u00e1 bandeira amarela na conta de energia\"}]},{\"@type\":\"WebSite\",\"@id\":\"https:\/\/portalbsnews.com.br\/#website\",\"url\":\"https:\/\/portalbsnews.com.br\/\",\"name\":\"Portal BS News\",\"description\":\"Aqui voc\u00ea fica informado!\",\"publisher\":{\"@id\":\"https:\/\/portalbsnews.com.br\/#organization\"},\"potentialAction\":[{\"@type\":\"SearchAction\",\"target\":{\"@type\":\"EntryPoint\",\"urlTemplate\":\"https:\/\/portalbsnews.com.br\/?s={search_term_string}\"},\"query-input\":{\"@type\":\"PropertyValueSpecification\",\"valueRequired\":true,\"valueName\":\"search_term_string\"}}],\"inLanguage\":\"pt-BR\"},{\"@type\":\"Organization\",\"@id\":\"https:\/\/portalbsnews.com.br\/#organization\",\"name\":\"Portal BS News\",\"url\":\"https:\/\/portalbsnews.com.br\/\",\"logo\":{\"@type\":\"ImageObject\",\"inLanguage\":\"pt-BR\",\"@id\":\"https:\/\/portalbsnews.com.br\/#\/schema\/logo\/image\/\",\"url\":\"https:\/\/portalbsnews.com.br\/wp-content\/uploads\/2025\/01\/cropped-LOGO-BS-NEWS.png\",\"contentUrl\":\"https:\/\/portalbsnews.com.br\/wp-content\/uploads\/2025\/01\/cropped-LOGO-BS-NEWS.png\",\"width\":900,\"height\":100,\"caption\":\"Portal BS News\"},\"image\":{\"@id\":\"https:\/\/portalbsnews.com.br\/#\/schema\/logo\/image\/\"}},{\"@type\":\"Person\",\"@id\":\"https:\/\/portalbsnews.com.br\/#\/schema\/person\/094313d5332a0d10957695a9d5148b89\",\"name\":\"portalbsnews\",\"image\":{\"@type\":\"ImageObject\",\"inLanguage\":\"pt-BR\",\"@id\":\"https:\/\/portalbsnews.com.br\/#\/schema\/person\/image\/\",\"url\":\"https:\/\/portalbsnews.com.br\/wp-content\/uploads\/2025\/01\/LATERAL-150x150.png\",\"contentUrl\":\"https:\/\/portalbsnews.com.br\/wp-content\/uploads\/2025\/01\/LATERAL-150x150.png\",\"caption\":\"portalbsnews\"},\"sameAs\":[\"http:\/\/portalbsnews.com.br\"],\"url\":\"https:\/\/portalbsnews.com.br\/index.php\/author\/portalbsnews\/\"}]}<\/script>\n<!-- \/ Yoast SEO plugin. -->","yoast_head_json":{"title":"Ap\u00f3s reajuste na tarifa, Aneel define que maio ter\u00e1 bandeira amarela na conta de energia - Portal BS News","robots":{"index":"index","follow":"follow","max-snippet":"max-snippet:-1","max-image-preview":"max-image-preview:large","max-video-preview":"max-video-preview:-1"},"canonical":"https:\/\/portalbsnews.com.br\/index.php\/2026\/04\/25\/apos-reajuste-na-tarifa-aneel-define-que-maio-tera-bandeira-amarela-na-conta-de-energia\/","og_locale":"pt_BR","og_type":"article","og_title":"Ap\u00f3s reajuste na tarifa, Aneel define que maio ter\u00e1 bandeira amarela na conta de energia - Portal BS News","og_description":"Foto: Heilysmar Lima A Ag\u00eancia Nacional de Energia El\u00e9trica (Aneel) anunciou, nessa sexta-feira (24), que a bandeira tarif\u00e1ria em maio","og_url":"https:\/\/portalbsnews.com.br\/index.php\/2026\/04\/25\/apos-reajuste-na-tarifa-aneel-define-que-maio-tera-bandeira-amarela-na-conta-de-energia\/","og_site_name":"Portal BS News","article_published_time":"2026-04-25T21:51:37+00:00","article_modified_time":"2026-04-25T21:51:46+00:00","og_image":[{"width":2560,"height":1920,"url":"https:\/\/portalbsnews.com.br\/wp-content\/uploads\/2026\/04\/e9jmpykz2ogxed8zzx8il8xvrqy7d7-scaled.jpg","type":"image\/jpeg"}],"author":"portalbsnews","twitter_card":"summary_large_image","twitter_misc":{"Escrito por":"portalbsnews","Est. tempo de leitura":"3 minutos"},"schema":{"@context":"https:\/\/schema.org","@graph":[{"@type":"Article","@id":"https:\/\/portalbsnews.com.br\/index.php\/2026\/04\/25\/apos-reajuste-na-tarifa-aneel-define-que-maio-tera-bandeira-amarela-na-conta-de-energia\/#article","isPartOf":{"@id":"https:\/\/portalbsnews.com.br\/index.php\/2026\/04\/25\/apos-reajuste-na-tarifa-aneel-define-que-maio-tera-bandeira-amarela-na-conta-de-energia\/"},"author":{"name":"portalbsnews","@id":"https:\/\/portalbsnews.com.br\/#\/schema\/person\/094313d5332a0d10957695a9d5148b89"},"headline":"Ap\u00f3s reajuste na tarifa, Aneel define que maio ter\u00e1 bandeira amarela na conta de energia","datePublished":"2026-04-25T21:51:37+00:00","dateModified":"2026-04-25T21:51:46+00:00","mainEntityOfPage":{"@id":"https:\/\/portalbsnews.com.br\/index.php\/2026\/04\/25\/apos-reajuste-na-tarifa-aneel-define-que-maio-tera-bandeira-amarela-na-conta-de-energia\/"},"wordCount":443,"publisher":{"@id":"https:\/\/portalbsnews.com.br\/#organization"},"image":{"@id":"https:\/\/portalbsnews.com.br\/index.php\/2026\/04\/25\/apos-reajuste-na-tarifa-aneel-define-que-maio-tera-bandeira-amarela-na-conta-de-energia\/#primaryimage"},"thumbnailUrl":"https:\/\/portalbsnews.com.br\/wp-content\/uploads\/2026\/04\/e9jmpykz2ogxed8zzx8il8xvrqy7d7-scaled.jpg","articleSection":["Brasil"],"inLanguage":"pt-BR"},{"@type":"WebPage","@id":"https:\/\/portalbsnews.com.br\/index.php\/2026\/04\/25\/apos-reajuste-na-tarifa-aneel-define-que-maio-tera-bandeira-amarela-na-conta-de-energia\/","url":"https:\/\/portalbsnews.com.br\/index.php\/2026\/04\/25\/apos-reajuste-na-tarifa-aneel-define-que-maio-tera-bandeira-amarela-na-conta-de-energia\/","name":"Ap\u00f3s reajuste na tarifa, Aneel define que maio ter\u00e1 bandeira amarela na conta de energia - Portal BS News","isPartOf":{"@id":"https:\/\/portalbsnews.com.br\/#website"},"primaryImageOfPage":{"@id":"https:\/\/portalbsnews.com.br\/index.php\/2026\/04\/25\/apos-reajuste-na-tarifa-aneel-define-que-maio-tera-bandeira-amarela-na-conta-de-energia\/#primaryimage"},"image":{"@id":"https:\/\/portalbsnews.com.br\/index.php\/2026\/04\/25\/apos-reajuste-na-tarifa-aneel-define-que-maio-tera-bandeira-amarela-na-conta-de-energia\/#primaryimage"},"thumbnailUrl":"https:\/\/portalbsnews.com.br\/wp-content\/uploads\/2026\/04\/e9jmpykz2ogxed8zzx8il8xvrqy7d7-scaled.jpg","datePublished":"2026-04-25T21:51:37+00:00","dateModified":"2026-04-25T21:51:46+00:00","breadcrumb":{"@id":"https:\/\/portalbsnews.com.br\/index.php\/2026\/04\/25\/apos-reajuste-na-tarifa-aneel-define-que-maio-tera-bandeira-amarela-na-conta-de-energia\/#breadcrumb"},"inLanguage":"pt-BR","potentialAction":[{"@type":"ReadAction","target":["https:\/\/portalbsnews.com.br\/index.php\/2026\/04\/25\/apos-reajuste-na-tarifa-aneel-define-que-maio-tera-bandeira-amarela-na-conta-de-energia\/"]}]},{"@type":"ImageObject","inLanguage":"pt-BR","@id":"https:\/\/portalbsnews.com.br\/index.php\/2026\/04\/25\/apos-reajuste-na-tarifa-aneel-define-que-maio-tera-bandeira-amarela-na-conta-de-energia\/#primaryimage","url":"https:\/\/portalbsnews.com.br\/wp-content\/uploads\/2026\/04\/e9jmpykz2ogxed8zzx8il8xvrqy7d7-scaled.jpg","contentUrl":"https:\/\/portalbsnews.com.br\/wp-content\/uploads\/2026\/04\/e9jmpykz2ogxed8zzx8il8xvrqy7d7-scaled.jpg","width":2560,"height":1920},{"@type":"BreadcrumbList","@id":"https:\/\/portalbsnews.com.br\/index.php\/2026\/04\/25\/apos-reajuste-na-tarifa-aneel-define-que-maio-tera-bandeira-amarela-na-conta-de-energia\/#breadcrumb","itemListElement":[{"@type":"ListItem","position":1,"name":"In\u00edcio","item":"https:\/\/portalbsnews.com.br\/"},{"@type":"ListItem","position":2,"name":"Ap\u00f3s reajuste na tarifa, Aneel define que maio ter\u00e1 bandeira amarela na conta de energia"}]},{"@type":"WebSite","@id":"https:\/\/portalbsnews.com.br\/#website","url":"https:\/\/portalbsnews.com.br\/","name":"Portal BS News","description":"Aqui voc\u00ea fica informado!","publisher":{"@id":"https:\/\/portalbsnews.com.br\/#organization"},"potentialAction":[{"@type":"SearchAction","target":{"@type":"EntryPoint","urlTemplate":"https:\/\/portalbsnews.com.br\/?s={search_term_string}"},"query-input":{"@type":"PropertyValueSpecification","valueRequired":true,"valueName":"search_term_string"}}],"inLanguage":"pt-BR"},{"@type":"Organization","@id":"https:\/\/portalbsnews.com.br\/#organization","name":"Portal BS News","url":"https:\/\/portalbsnews.com.br\/","logo":{"@type":"ImageObject","inLanguage":"pt-BR","@id":"https:\/\/portalbsnews.com.br\/#\/schema\/logo\/image\/","url":"https:\/\/portalbsnews.com.br\/wp-content\/uploads\/2025\/01\/cropped-LOGO-BS-NEWS.png","contentUrl":"https:\/\/portalbsnews.com.br\/wp-content\/uploads\/2025\/01\/cropped-LOGO-BS-NEWS.png","width":900,"height":100,"caption":"Portal BS News"},"image":{"@id":"https:\/\/portalbsnews.com.br\/#\/schema\/logo\/image\/"}},{"@type":"Person","@id":"https:\/\/portalbsnews.com.br\/#\/schema\/person\/094313d5332a0d10957695a9d5148b89","name":"portalbsnews","image":{"@type":"ImageObject","inLanguage":"pt-BR","@id":"https:\/\/portalbsnews.com.br\/#\/schema\/person\/image\/","url":"https:\/\/portalbsnews.com.br\/wp-content\/uploads\/2025\/01\/LATERAL-150x150.png","contentUrl":"https:\/\/portalbsnews.com.br\/wp-content\/uploads\/2025\/01\/LATERAL-150x150.png","caption":"portalbsnews"},"sameAs":["http:\/\/portalbsnews.com.br"],"url":"https:\/\/portalbsnews.com.br\/index.php\/author\/portalbsnews\/"}]}},"jetpack_publicize_connections":[],"jetpack_featured_media_url":"https:\/\/portalbsnews.com.br\/wp-content\/uploads\/2026\/04\/e9jmpykz2ogxed8zzx8il8xvrqy7d7-scaled.jpg","jetpack_sharing_enabled":true,"_links":{"self":[{"href":"https:\/\/portalbsnews.com.br\/index.php\/wp-json\/wp\/v2\/posts\/5763","targetHints":{"allow":["GET"]}}],"collection":[{"href":"https:\/\/portalbsnews.com.br\/index.php\/wp-json\/wp\/v2\/posts"}],"about":[{"href":"https:\/\/portalbsnews.com.br\/index.php\/wp-json\/wp\/v2\/types\/post"}],"author":[{"embeddable":true,"href":"https:\/\/portalbsnews.com.br\/index.php\/wp-json\/wp\/v2\/users\/1"}],"replies":[{"embeddable":true,"href":"https:\/\/portalbsnews.com.br\/index.php\/wp-json\/wp\/v2\/comments?post=5763"}],"version-history":[{"count":1,"href":"https:\/\/portalbsnews.com.br\/index.php\/wp-json\/wp\/v2\/posts\/5763\/revisions"}],"predecessor-version":[{"id":5765,"href":"https:\/\/portalbsnews.com.br\/index.php\/wp-json\/wp\/v2\/posts\/5763\/revisions\/5765"}],"wp:featuredmedia":[{"embeddable":true,"href":"https:\/\/portalbsnews.com.br\/index.php\/wp-json\/wp\/v2\/media\/5764"}],"wp:attachment":[{"href":"https:\/\/portalbsnews.com.br\/index.php\/wp-json\/wp\/v2\/media?parent=5763"}],"wp:term":[{"taxonomy":"category","embeddable":true,"href":"https:\/\/portalbsnews.com.br\/index.php\/wp-json\/wp\/v2\/categories?post=5763"},{"taxonomy":"post_tag","embeddable":true,"href":"https:\/\/portalbsnews.com.br\/index.php\/wp-json\/wp\/v2\/tags?post=5763"}],"curies":[{"name":"wp","href":"https:\/\/api.w.org\/{rel}","templated":true}]}}