{"id":3501,"date":"2025-04-15T20:10:24","date_gmt":"2025-04-15T23:10:24","guid":{"rendered":"http:\/\/portalbsnews.com.br\/?p=3501"},"modified":"2025-04-15T20:10:28","modified_gmt":"2025-04-15T23:10:28","slug":"ufrn-confirma-contato-com-a-policia-federal-apos-denuncias-de-assedio","status":"publish","type":"post","link":"https:\/\/portalbsnews.com.br\/index.php\/2025\/04\/15\/ufrn-confirma-contato-com-a-policia-federal-apos-denuncias-de-assedio\/","title":{"rendered":"UFRN confirma contato com a Pol\u00edcia Federal ap\u00f3s den\u00fancias de ass\u00e9dio"},"content":{"rendered":"\n<p>A&nbsp;<a href=\"https:\/\/www.ufrn.br\/\" target=\"_blank\" rel=\"noreferrer noopener\">Universidade Federal do Rio Grande do Norte (UFRN)<\/a>&nbsp;emitiu uma nota nesta ter\u00e7a-feira 15 referente a recentes den\u00fancias de casos de viol\u00eancia no campus central da institui\u00e7\u00e3o. No comunicado, a universidade confirmou reuni\u00e3o com representantes do Diret\u00f3rio Central de Estudantes (DCE) para discutir as a\u00e7\u00f5es que est\u00e3o sendo refor\u00e7adas para a consecu\u00e7\u00e3o do Programa de Preven\u00e7\u00e3o e Enfrentamento ao Ass\u00e9dio e \u00e0 Discrimina\u00e7\u00e3o.<\/p>\n\n\n\n<p>A UFRN destacou seu compromisso com a integridade f\u00edsica, emocional e patrimonial da comunidade universit\u00e1ria, refor\u00e7ando a\u00e7\u00f5es para melhorar a infraestrutura e os recursos humanos voltados \u00e0 seguran\u00e7a. A universidade tamb\u00e9m informou estar em contato com a Superintend\u00eancia da Pol\u00edcia Federal e com a Secretaria da Seguran\u00e7a P\u00fablica, colaborando nas investiga\u00e7\u00f5es em andamento, dentro dos limites legais e operacionais das autoridades.<\/p>\n\n\n\n<figure class=\"wp-block-image\"><img decoding=\"async\" src=\"https:\/\/agorarn.com.br\/files\/uploads\/2025\/04\/Greve-UFRN-46-830x468-1.webp\" alt=\"UFRN se destaca entre as 20 principais universidades federais do pa\u00eds - Foto: Jos\u00e9 Aldenir - Agora RN\" title=\"UFRN confirma contato com a Pol\u00edcia Federal ap\u00f3s den\u00fancias de ass\u00e9dio\"\/><\/figure>\n\n\n\n<p>UFRN confirma contato com a Pol\u00edcia Federal ap\u00f3s den\u00fancias de ass\u00e9dio &#8211; Foto: Jos\u00e9 Aldenir &#8211; Agora RN<\/p>\n\n\n\n<p>A institui\u00e7\u00e3o refor\u00e7ou ainda a import\u00e2ncia da comunica\u00e7\u00e3o imediata de qualquer ocorr\u00eancia. Casos nas imedia\u00e7\u00f5es do campus devem ser informados \u00e0 Diretoria de Seguran\u00e7a Patrimonial (DSP) pelos telefones 08000 84 20 50 e (84) 99193-6471, dispon\u00edveis 24 horas. Manifesta\u00e7\u00f5es tamb\u00e9m podem ser feitas \u00e0 Ouvidoria da UFRN por WhatsApp, e-mail ou pelo&nbsp;<a href=\"https:\/\/falabr.cgu.gov.br\/web\/home\" target=\"_blank\" rel=\"noreferrer noopener\">Portal Fala.BR<\/a>.<\/p>\n\n\n\n<h2 class=\"wp-block-heading\">Estudantes realizam protesto<\/h2>\n\n\n\n<p>Estudantes da Universidade Federal do Rio Grande do Norte (UFRN) realizaram um protesto na tarde desta ter\u00e7a-feira 15 em combate aos recentes casos de ass\u00e9dio contra alunas dentro da institui\u00e7\u00e3o.<\/p>\n\n\n\n<p>A vereadora Brisa Bracchi (PT) defendeu a perman\u00eancia de mulheres em universidades e criticou a viol\u00eancia que atinge estudantes. \u201c\u00c9 sobre a gente construir uma desigualdade, uma sociedade que pare efetivamente de fazer com que casos como esse aconte\u00e7am de forma sistem\u00e1tica\u201d destacou.<\/p>\n\n\n\n<p>Brisa tamb\u00e9m criticou decis\u00f5es institucionais que, segundo ela, impactam diretamente o acesso das mulheres ao ensino superior.\u201cO regime n\u00e3o mandou para que as mulheres pudessem entrar na sociedade e agora o regime mandou tirar daqui\u201d afirmou.<\/p>\n\n\n\n<h2 class=\"wp-block-heading\">Deputado cobra lei contra ass\u00e9dio no transporte ap\u00f3s den\u00fancias na UFRN<\/h2>\n\n\n\n<p>O deputado Ubaldo Fernandes (PSDB) cobrou, na sess\u00e3o da&nbsp;<a href=\"http:\/\/al.rn.gov.br\/\" target=\"_blank\" rel=\"noreferrer noopener\">Assembleia Legislativa<\/a>&nbsp;do&nbsp;<a href=\"http:\/\/rn.gov.br\/\" target=\"_blank\" rel=\"noreferrer noopener\">RN<\/a>, o cumprimento imediato da Lei n\u00ba 10.688\/2020, que estabelece medidas de prote\u00e7\u00e3o \u00e0s mulheres no transporte p\u00fablico. A exig\u00eancia ocorreu ap\u00f3s&nbsp;<a href=\"https:\/\/agorarn.com.br\/ultimas\/deam-importunacao-sexual-na-ufrn\/\">novos relatos de ass\u00e9dio sexual contra universit\u00e1rias nos \u00f4nibus circulares da Universidade Federal<\/a>&nbsp;do RN (<a href=\"https:\/\/www.ufrn.br\/\" target=\"_blank\" rel=\"noreferrer noopener\">UFRN<\/a>).<\/p>\n\n\n\n<p>\u201cA lei n\u00e3o \u00e9 uma sugest\u00e3o, \u00e9 obriga\u00e7\u00e3o. Cartazes com n\u00fameros de emerg\u00eancia deveriam estar em todos os ve\u00edculos, mas onde est\u00e3o? Enquanto discutimos, mulheres sofrem. Precisamos de a\u00e7\u00e3o, n\u00e3o de discurso\u201d, afirmou. A legisla\u00e7\u00e3o, de sua autoria, prev\u00ea a fixa\u00e7\u00e3o de informa\u00e7\u00f5es sobre os canais de den\u00fancia (190, 197 e 180), campanhas educativas e fiscaliza\u00e7\u00e3o rigorosa.<\/p>\n\n\n\n<p>Fonte Agora RN<\/p>\n","protected":false},"excerpt":{"rendered":"<p>A&nbsp;Universidade Federal do Rio Grande do Norte (UFRN)&nbsp;emitiu uma nota nesta ter\u00e7a-feira 15 referente a recentes den\u00fancias de casos de<\/p>\n","protected":false},"author":1,"featured_media":3502,"comment_status":"closed","ping_status":"closed","sticky":false,"template":"","format":"standard","meta":{"colormag_page_container_layout":"default_layout","colormag_page_sidebar_layout":"default_layout","_jetpack_memberships_contains_paid_content":false,"footnotes":"","jetpack_publicize_message":"","jetpack_publicize_feature_enabled":true,"jetpack_social_post_already_shared":true,"jetpack_social_options":{"image_generator_settings":{"template":"highway","default_image_id":0,"font":"","enabled":false},"version":2}},"categories":[14],"tags":[],"class_list":["post-3501","post","type-post","status-publish","format-standard","has-post-thumbnail","hentry","category-tudo-sobre-o-estado"],"yoast_head":"<!-- This site is optimized with the Yoast SEO plugin v26.5 - https:\/\/yoast.com\/wordpress\/plugins\/seo\/ -->\n<title>UFRN confirma contato com a Pol\u00edcia Federal ap\u00f3s den\u00fancias de ass\u00e9dio - Portal BS News<\/title>\n<meta name=\"robots\" content=\"index, follow, max-snippet:-1, max-image-preview:large, max-video-preview:-1\" \/>\n<link rel=\"canonical\" href=\"https:\/\/portalbsnews.com.br\/index.php\/2025\/04\/15\/ufrn-confirma-contato-com-a-policia-federal-apos-denuncias-de-assedio\/\" \/>\n<meta property=\"og:locale\" content=\"pt_BR\" \/>\n<meta property=\"og:type\" content=\"article\" \/>\n<meta property=\"og:title\" content=\"UFRN confirma contato com a Pol\u00edcia Federal ap\u00f3s den\u00fancias de ass\u00e9dio - Portal BS News\" \/>\n<meta property=\"og:description\" content=\"A&nbsp;Universidade Federal do Rio Grande do Norte (UFRN)&nbsp;emitiu uma nota nesta ter\u00e7a-feira 15 referente a recentes den\u00fancias de casos de\" \/>\n<meta property=\"og:url\" content=\"https:\/\/portalbsnews.com.br\/index.php\/2025\/04\/15\/ufrn-confirma-contato-com-a-policia-federal-apos-denuncias-de-assedio\/\" \/>\n<meta property=\"og:site_name\" content=\"Portal BS News\" \/>\n<meta property=\"article:published_time\" content=\"2025-04-15T23:10:24+00:00\" \/>\n<meta property=\"article:modified_time\" content=\"2025-04-15T23:10:28+00:00\" \/>\n<meta property=\"og:image\" content=\"https:\/\/portalbsnews.com.br\/wp-content\/uploads\/2025\/04\/Greve-UFRN-46-830x468-1.webp\" \/>\n\t<meta property=\"og:image:width\" content=\"830\" \/>\n\t<meta property=\"og:image:height\" content=\"468\" \/>\n\t<meta property=\"og:image:type\" content=\"image\/webp\" \/>\n<meta name=\"author\" content=\"portalbsnews\" \/>\n<meta name=\"twitter:card\" content=\"summary_large_image\" \/>\n<meta name=\"twitter:label1\" content=\"Escrito por\" \/>\n\t<meta name=\"twitter:data1\" content=\"portalbsnews\" \/>\n\t<meta name=\"twitter:label2\" content=\"Est. tempo de leitura\" \/>\n\t<meta name=\"twitter:data2\" content=\"3 minutos\" \/>\n<script type=\"application\/ld+json\" class=\"yoast-schema-graph\">{\"@context\":\"https:\/\/schema.org\",\"@graph\":[{\"@type\":\"Article\",\"@id\":\"https:\/\/portalbsnews.com.br\/index.php\/2025\/04\/15\/ufrn-confirma-contato-com-a-policia-federal-apos-denuncias-de-assedio\/#article\",\"isPartOf\":{\"@id\":\"https:\/\/portalbsnews.com.br\/index.php\/2025\/04\/15\/ufrn-confirma-contato-com-a-policia-federal-apos-denuncias-de-assedio\/\"},\"author\":{\"name\":\"portalbsnews\",\"@id\":\"https:\/\/portalbsnews.com.br\/#\/schema\/person\/094313d5332a0d10957695a9d5148b89\"},\"headline\":\"UFRN confirma contato com a Pol\u00edcia Federal ap\u00f3s den\u00fancias de ass\u00e9dio\",\"datePublished\":\"2025-04-15T23:10:24+00:00\",\"dateModified\":\"2025-04-15T23:10:28+00:00\",\"mainEntityOfPage\":{\"@id\":\"https:\/\/portalbsnews.com.br\/index.php\/2025\/04\/15\/ufrn-confirma-contato-com-a-policia-federal-apos-denuncias-de-assedio\/\"},\"wordCount\":508,\"publisher\":{\"@id\":\"https:\/\/portalbsnews.com.br\/#organization\"},\"image\":{\"@id\":\"https:\/\/portalbsnews.com.br\/index.php\/2025\/04\/15\/ufrn-confirma-contato-com-a-policia-federal-apos-denuncias-de-assedio\/#primaryimage\"},\"thumbnailUrl\":\"https:\/\/portalbsnews.com.br\/wp-content\/uploads\/2025\/04\/Greve-UFRN-46-830x468-1.webp\",\"articleSection\":[\"Rio Grande do Norte\"],\"inLanguage\":\"pt-BR\"},{\"@type\":\"WebPage\",\"@id\":\"https:\/\/portalbsnews.com.br\/index.php\/2025\/04\/15\/ufrn-confirma-contato-com-a-policia-federal-apos-denuncias-de-assedio\/\",\"url\":\"https:\/\/portalbsnews.com.br\/index.php\/2025\/04\/15\/ufrn-confirma-contato-com-a-policia-federal-apos-denuncias-de-assedio\/\",\"name\":\"UFRN confirma contato com a Pol\u00edcia Federal ap\u00f3s den\u00fancias de ass\u00e9dio - Portal BS News\",\"isPartOf\":{\"@id\":\"https:\/\/portalbsnews.com.br\/#website\"},\"primaryImageOfPage\":{\"@id\":\"https:\/\/portalbsnews.com.br\/index.php\/2025\/04\/15\/ufrn-confirma-contato-com-a-policia-federal-apos-denuncias-de-assedio\/#primaryimage\"},\"image\":{\"@id\":\"https:\/\/portalbsnews.com.br\/index.php\/2025\/04\/15\/ufrn-confirma-contato-com-a-policia-federal-apos-denuncias-de-assedio\/#primaryimage\"},\"thumbnailUrl\":\"https:\/\/portalbsnews.com.br\/wp-content\/uploads\/2025\/04\/Greve-UFRN-46-830x468-1.webp\",\"datePublished\":\"2025-04-15T23:10:24+00:00\",\"dateModified\":\"2025-04-15T23:10:28+00:00\",\"breadcrumb\":{\"@id\":\"https:\/\/portalbsnews.com.br\/index.php\/2025\/04\/15\/ufrn-confirma-contato-com-a-policia-federal-apos-denuncias-de-assedio\/#breadcrumb\"},\"inLanguage\":\"pt-BR\",\"potentialAction\":[{\"@type\":\"ReadAction\",\"target\":[\"https:\/\/portalbsnews.com.br\/index.php\/2025\/04\/15\/ufrn-confirma-contato-com-a-policia-federal-apos-denuncias-de-assedio\/\"]}]},{\"@type\":\"ImageObject\",\"inLanguage\":\"pt-BR\",\"@id\":\"https:\/\/portalbsnews.com.br\/index.php\/2025\/04\/15\/ufrn-confirma-contato-com-a-policia-federal-apos-denuncias-de-assedio\/#primaryimage\",\"url\":\"https:\/\/portalbsnews.com.br\/wp-content\/uploads\/2025\/04\/Greve-UFRN-46-830x468-1.webp\",\"contentUrl\":\"https:\/\/portalbsnews.com.br\/wp-content\/uploads\/2025\/04\/Greve-UFRN-46-830x468-1.webp\",\"width\":830,\"height\":468},{\"@type\":\"BreadcrumbList\",\"@id\":\"https:\/\/portalbsnews.com.br\/index.php\/2025\/04\/15\/ufrn-confirma-contato-com-a-policia-federal-apos-denuncias-de-assedio\/#breadcrumb\",\"itemListElement\":[{\"@type\":\"ListItem\",\"position\":1,\"name\":\"In\u00edcio\",\"item\":\"https:\/\/portalbsnews.com.br\/\"},{\"@type\":\"ListItem\",\"position\":2,\"name\":\"UFRN confirma contato com a Pol\u00edcia Federal ap\u00f3s den\u00fancias de ass\u00e9dio\"}]},{\"@type\":\"WebSite\",\"@id\":\"https:\/\/portalbsnews.com.br\/#website\",\"url\":\"https:\/\/portalbsnews.com.br\/\",\"name\":\"Portal BS News\",\"description\":\"Aqui voc\u00ea fica informado!\",\"publisher\":{\"@id\":\"https:\/\/portalbsnews.com.br\/#organization\"},\"potentialAction\":[{\"@type\":\"SearchAction\",\"target\":{\"@type\":\"EntryPoint\",\"urlTemplate\":\"https:\/\/portalbsnews.com.br\/?s={search_term_string}\"},\"query-input\":{\"@type\":\"PropertyValueSpecification\",\"valueRequired\":true,\"valueName\":\"search_term_string\"}}],\"inLanguage\":\"pt-BR\"},{\"@type\":\"Organization\",\"@id\":\"https:\/\/portalbsnews.com.br\/#organization\",\"name\":\"Portal BS News\",\"url\":\"https:\/\/portalbsnews.com.br\/\",\"logo\":{\"@type\":\"ImageObject\",\"inLanguage\":\"pt-BR\",\"@id\":\"https:\/\/portalbsnews.com.br\/#\/schema\/logo\/image\/\",\"url\":\"https:\/\/portalbsnews.com.br\/wp-content\/uploads\/2025\/01\/cropped-LOGO-BS-NEWS.png\",\"contentUrl\":\"https:\/\/portalbsnews.com.br\/wp-content\/uploads\/2025\/01\/cropped-LOGO-BS-NEWS.png\",\"width\":900,\"height\":100,\"caption\":\"Portal BS News\"},\"image\":{\"@id\":\"https:\/\/portalbsnews.com.br\/#\/schema\/logo\/image\/\"}},{\"@type\":\"Person\",\"@id\":\"https:\/\/portalbsnews.com.br\/#\/schema\/person\/094313d5332a0d10957695a9d5148b89\",\"name\":\"portalbsnews\",\"image\":{\"@type\":\"ImageObject\",\"inLanguage\":\"pt-BR\",\"@id\":\"https:\/\/portalbsnews.com.br\/#\/schema\/person\/image\/\",\"url\":\"https:\/\/portalbsnews.com.br\/wp-content\/uploads\/2025\/01\/LATERAL-150x150.png\",\"contentUrl\":\"https:\/\/portalbsnews.com.br\/wp-content\/uploads\/2025\/01\/LATERAL-150x150.png\",\"caption\":\"portalbsnews\"},\"sameAs\":[\"http:\/\/portalbsnews.com.br\"],\"url\":\"https:\/\/portalbsnews.com.br\/index.php\/author\/portalbsnews\/\"}]}<\/script>\n<!-- \/ Yoast SEO plugin. -->","yoast_head_json":{"title":"UFRN confirma contato com a Pol\u00edcia Federal ap\u00f3s den\u00fancias de ass\u00e9dio - Portal BS News","robots":{"index":"index","follow":"follow","max-snippet":"max-snippet:-1","max-image-preview":"max-image-preview:large","max-video-preview":"max-video-preview:-1"},"canonical":"https:\/\/portalbsnews.com.br\/index.php\/2025\/04\/15\/ufrn-confirma-contato-com-a-policia-federal-apos-denuncias-de-assedio\/","og_locale":"pt_BR","og_type":"article","og_title":"UFRN confirma contato com a Pol\u00edcia Federal ap\u00f3s den\u00fancias de ass\u00e9dio - Portal BS News","og_description":"A&nbsp;Universidade Federal do Rio Grande do Norte (UFRN)&nbsp;emitiu uma nota nesta ter\u00e7a-feira 15 referente a recentes den\u00fancias de casos de","og_url":"https:\/\/portalbsnews.com.br\/index.php\/2025\/04\/15\/ufrn-confirma-contato-com-a-policia-federal-apos-denuncias-de-assedio\/","og_site_name":"Portal BS News","article_published_time":"2025-04-15T23:10:24+00:00","article_modified_time":"2025-04-15T23:10:28+00:00","og_image":[{"width":830,"height":468,"url":"https:\/\/portalbsnews.com.br\/wp-content\/uploads\/2025\/04\/Greve-UFRN-46-830x468-1.webp","type":"image\/webp"}],"author":"portalbsnews","twitter_card":"summary_large_image","twitter_misc":{"Escrito por":"portalbsnews","Est. tempo de leitura":"3 minutos"},"schema":{"@context":"https:\/\/schema.org","@graph":[{"@type":"Article","@id":"https:\/\/portalbsnews.com.br\/index.php\/2025\/04\/15\/ufrn-confirma-contato-com-a-policia-federal-apos-denuncias-de-assedio\/#article","isPartOf":{"@id":"https:\/\/portalbsnews.com.br\/index.php\/2025\/04\/15\/ufrn-confirma-contato-com-a-policia-federal-apos-denuncias-de-assedio\/"},"author":{"name":"portalbsnews","@id":"https:\/\/portalbsnews.com.br\/#\/schema\/person\/094313d5332a0d10957695a9d5148b89"},"headline":"UFRN confirma contato com a Pol\u00edcia Federal ap\u00f3s den\u00fancias de ass\u00e9dio","datePublished":"2025-04-15T23:10:24+00:00","dateModified":"2025-04-15T23:10:28+00:00","mainEntityOfPage":{"@id":"https:\/\/portalbsnews.com.br\/index.php\/2025\/04\/15\/ufrn-confirma-contato-com-a-policia-federal-apos-denuncias-de-assedio\/"},"wordCount":508,"publisher":{"@id":"https:\/\/portalbsnews.com.br\/#organization"},"image":{"@id":"https:\/\/portalbsnews.com.br\/index.php\/2025\/04\/15\/ufrn-confirma-contato-com-a-policia-federal-apos-denuncias-de-assedio\/#primaryimage"},"thumbnailUrl":"https:\/\/portalbsnews.com.br\/wp-content\/uploads\/2025\/04\/Greve-UFRN-46-830x468-1.webp","articleSection":["Rio Grande do Norte"],"inLanguage":"pt-BR"},{"@type":"WebPage","@id":"https:\/\/portalbsnews.com.br\/index.php\/2025\/04\/15\/ufrn-confirma-contato-com-a-policia-federal-apos-denuncias-de-assedio\/","url":"https:\/\/portalbsnews.com.br\/index.php\/2025\/04\/15\/ufrn-confirma-contato-com-a-policia-federal-apos-denuncias-de-assedio\/","name":"UFRN confirma contato com a Pol\u00edcia Federal ap\u00f3s den\u00fancias de ass\u00e9dio - Portal BS News","isPartOf":{"@id":"https:\/\/portalbsnews.com.br\/#website"},"primaryImageOfPage":{"@id":"https:\/\/portalbsnews.com.br\/index.php\/2025\/04\/15\/ufrn-confirma-contato-com-a-policia-federal-apos-denuncias-de-assedio\/#primaryimage"},"image":{"@id":"https:\/\/portalbsnews.com.br\/index.php\/2025\/04\/15\/ufrn-confirma-contato-com-a-policia-federal-apos-denuncias-de-assedio\/#primaryimage"},"thumbnailUrl":"https:\/\/portalbsnews.com.br\/wp-content\/uploads\/2025\/04\/Greve-UFRN-46-830x468-1.webp","datePublished":"2025-04-15T23:10:24+00:00","dateModified":"2025-04-15T23:10:28+00:00","breadcrumb":{"@id":"https:\/\/portalbsnews.com.br\/index.php\/2025\/04\/15\/ufrn-confirma-contato-com-a-policia-federal-apos-denuncias-de-assedio\/#breadcrumb"},"inLanguage":"pt-BR","potentialAction":[{"@type":"ReadAction","target":["https:\/\/portalbsnews.com.br\/index.php\/2025\/04\/15\/ufrn-confirma-contato-com-a-policia-federal-apos-denuncias-de-assedio\/"]}]},{"@type":"ImageObject","inLanguage":"pt-BR","@id":"https:\/\/portalbsnews.com.br\/index.php\/2025\/04\/15\/ufrn-confirma-contato-com-a-policia-federal-apos-denuncias-de-assedio\/#primaryimage","url":"https:\/\/portalbsnews.com.br\/wp-content\/uploads\/2025\/04\/Greve-UFRN-46-830x468-1.webp","contentUrl":"https:\/\/portalbsnews.com.br\/wp-content\/uploads\/2025\/04\/Greve-UFRN-46-830x468-1.webp","width":830,"height":468},{"@type":"BreadcrumbList","@id":"https:\/\/portalbsnews.com.br\/index.php\/2025\/04\/15\/ufrn-confirma-contato-com-a-policia-federal-apos-denuncias-de-assedio\/#breadcrumb","itemListElement":[{"@type":"ListItem","position":1,"name":"In\u00edcio","item":"https:\/\/portalbsnews.com.br\/"},{"@type":"ListItem","position":2,"name":"UFRN confirma contato com a Pol\u00edcia Federal ap\u00f3s den\u00fancias de ass\u00e9dio"}]},{"@type":"WebSite","@id":"https:\/\/portalbsnews.com.br\/#website","url":"https:\/\/portalbsnews.com.br\/","name":"Portal BS News","description":"Aqui voc\u00ea fica informado!","publisher":{"@id":"https:\/\/portalbsnews.com.br\/#organization"},"potentialAction":[{"@type":"SearchAction","target":{"@type":"EntryPoint","urlTemplate":"https:\/\/portalbsnews.com.br\/?s={search_term_string}"},"query-input":{"@type":"PropertyValueSpecification","valueRequired":true,"valueName":"search_term_string"}}],"inLanguage":"pt-BR"},{"@type":"Organization","@id":"https:\/\/portalbsnews.com.br\/#organization","name":"Portal BS News","url":"https:\/\/portalbsnews.com.br\/","logo":{"@type":"ImageObject","inLanguage":"pt-BR","@id":"https:\/\/portalbsnews.com.br\/#\/schema\/logo\/image\/","url":"https:\/\/portalbsnews.com.br\/wp-content\/uploads\/2025\/01\/cropped-LOGO-BS-NEWS.png","contentUrl":"https:\/\/portalbsnews.com.br\/wp-content\/uploads\/2025\/01\/cropped-LOGO-BS-NEWS.png","width":900,"height":100,"caption":"Portal BS News"},"image":{"@id":"https:\/\/portalbsnews.com.br\/#\/schema\/logo\/image\/"}},{"@type":"Person","@id":"https:\/\/portalbsnews.com.br\/#\/schema\/person\/094313d5332a0d10957695a9d5148b89","name":"portalbsnews","image":{"@type":"ImageObject","inLanguage":"pt-BR","@id":"https:\/\/portalbsnews.com.br\/#\/schema\/person\/image\/","url":"https:\/\/portalbsnews.com.br\/wp-content\/uploads\/2025\/01\/LATERAL-150x150.png","contentUrl":"https:\/\/portalbsnews.com.br\/wp-content\/uploads\/2025\/01\/LATERAL-150x150.png","caption":"portalbsnews"},"sameAs":["http:\/\/portalbsnews.com.br"],"url":"https:\/\/portalbsnews.com.br\/index.php\/author\/portalbsnews\/"}]}},"jetpack_publicize_connections":[],"jetpack_featured_media_url":"https:\/\/portalbsnews.com.br\/wp-content\/uploads\/2025\/04\/Greve-UFRN-46-830x468-1.webp","jetpack_sharing_enabled":true,"_links":{"self":[{"href":"https:\/\/portalbsnews.com.br\/index.php\/wp-json\/wp\/v2\/posts\/3501","targetHints":{"allow":["GET"]}}],"collection":[{"href":"https:\/\/portalbsnews.com.br\/index.php\/wp-json\/wp\/v2\/posts"}],"about":[{"href":"https:\/\/portalbsnews.com.br\/index.php\/wp-json\/wp\/v2\/types\/post"}],"author":[{"embeddable":true,"href":"https:\/\/portalbsnews.com.br\/index.php\/wp-json\/wp\/v2\/users\/1"}],"replies":[{"embeddable":true,"href":"https:\/\/portalbsnews.com.br\/index.php\/wp-json\/wp\/v2\/comments?post=3501"}],"version-history":[{"count":1,"href":"https:\/\/portalbsnews.com.br\/index.php\/wp-json\/wp\/v2\/posts\/3501\/revisions"}],"predecessor-version":[{"id":3503,"href":"https:\/\/portalbsnews.com.br\/index.php\/wp-json\/wp\/v2\/posts\/3501\/revisions\/3503"}],"wp:featuredmedia":[{"embeddable":true,"href":"https:\/\/portalbsnews.com.br\/index.php\/wp-json\/wp\/v2\/media\/3502"}],"wp:attachment":[{"href":"https:\/\/portalbsnews.com.br\/index.php\/wp-json\/wp\/v2\/media?parent=3501"}],"wp:term":[{"taxonomy":"category","embeddable":true,"href":"https:\/\/portalbsnews.com.br\/index.php\/wp-json\/wp\/v2\/categories?post=3501"},{"taxonomy":"post_tag","embeddable":true,"href":"https:\/\/portalbsnews.com.br\/index.php\/wp-json\/wp\/v2\/tags?post=3501"}],"curies":[{"name":"wp","href":"https:\/\/api.w.org\/{rel}","templated":true}]}}