{"id":5520,"date":"2026-03-11T15:18:47","date_gmt":"2026-03-11T18:18:47","guid":{"rendered":"http:\/\/portalbsnews.com.br\/?p=5520"},"modified":"2026-03-11T15:18:59","modified_gmt":"2026-03-11T18:18:59","slug":"comissao-da-assembleia-convoca-cadu-xavier-para-explicar-atraso-dos-consignados","status":"publish","type":"post","link":"http:\/\/portalbsnews.com.br\/index.php\/2026\/03\/11\/comissao-da-assembleia-convoca-cadu-xavier-para-explicar-atraso-dos-consignados\/","title":{"rendered":"Comiss\u00e3o da Assembleia convoca Cadu Xavier para explicar atraso dos consignados"},"content":{"rendered":"\n<p>A Comiss\u00e3o de Finan\u00e7as e Fiscaliza\u00e7\u00e3o da Assembleia Legislativa aprovou, nesta quarta-feira 11, a convoca\u00e7\u00e3o do secret\u00e1rio estadual da Fazenda, Cadu Xavier, para que ele preste esclarecimentos sobre o atraso dos consignados. A decis\u00e3o se deu em reuni\u00e3o administrativa e foi comunicada no plen\u00e1rio pelo deputado estadual Luiz Eduardo (PL), presidente da comiss\u00e3o.<\/p>\n\n\n\n<p>Com o requerimento aprovado, Cadu Xavier \u2014 que \u00e9 pr\u00e9-candidato do PT ao Governo do Estado \u2014 \u00e9 obrigado a comparecer \u00e0 comiss\u00e3o. O eventual descumprimento da convoca\u00e7\u00e3o sem justificativa pode ser caracterizado como crime de responsabilidade, segundo prev\u00ea a Constitui\u00e7\u00e3o do Estado do Rio Grande do Norte.<\/p>\n\n\n\n<figure class=\"wp-block-image\"><img decoding=\"async\" src=\"https:\/\/agorarn.com.br\/files\/uploads\/2026\/03\/WhatsApp-Image-2026-03-11-at-14.19.02-830x468.jpeg\" alt=\"WhatsApp Image 2026 03 11 at 14.19.02\" title=\"Comiss\u00e3o da assembleia convoca cadu xavier para explicar atraso dos consignados | not\u00edcias do rio grande do norte\"\/><\/figure>\n\n\n\n<p>Secret\u00e1rio da Fazenda do RN, Cadu Xavier &#8211; Foto: Jo\u00e3o Gilberto \/ ALRN<\/p>\n\n\n\n<p>Em entrevista a O CORREIO DE HOJE, o deputado Luiz Eduardo afirmou que a oitiva do secret\u00e1rio ser\u00e1 marcada para a pr\u00f3xima quarta-feira 18. Cadu Xavier dever\u00e1 ser notificado da decis\u00e3o nas pr\u00f3ximas horas. Procurada, a Secretaria Estadual de Fazenda (Sefaz) n\u00e3o se manifestou at\u00e9 a publica\u00e7\u00e3o desta mat\u00e9ria.<\/p>\n\n\n\n<p>Em discurso no plen\u00e1rio, o presidente da Comiss\u00e3o de Finan\u00e7as registrou que o governo n\u00e3o tem repassado, aos bancos, parcelas de empr\u00e9stimos consignados contratados por servidores p\u00fablicos. Levantamento do Sindicato dos Servidores da Administra\u00e7\u00e3o Direta (Sinsp) aponta que a d\u00edvida j\u00e1 passa dos R$ 600 milh\u00f5es s\u00f3 no Banco do Brasil.<\/p>\n\n\n\n<p>Por causa do problema, desde julho de 2025, a concess\u00e3o de empr\u00e9stimos consignados est\u00e1 bloqueada no BB. Al\u00e9m disso, servidores reclamam de cobran\u00e7as por parte de institui\u00e7\u00f5es financeiras, mesmo j\u00e1 tendo efetuado o pagamento com o desconto no contracheque. H\u00e1 relatos, ainda, da negativa\u00e7\u00e3o do nome de servidores em servi\u00e7os de prote\u00e7\u00e3o ao cr\u00e9dito.<\/p>\n\n\n\n<p>\u201cO governo F\u00e1tima \u00e9 o governo que tem mais problemas para pagar as suas obriga\u00e7\u00f5es. J\u00e1 v\u00e3o se passando oito meses que o governo n\u00e3o repassa o desconto dos consignados, feito dos servidores e n\u00e3o repassado \u00e0s institui\u00e7\u00f5es financeiras. Isso \u00e9 peculato, \u00e9 apropria\u00e7\u00e3o ind\u00e9bita. Isso \u00e9 crime\u201d, destacou o presidente da Comiss\u00e3o de Finan\u00e7as.<\/p>\n\n\n\n<figure class=\"wp-block-image\"><img decoding=\"async\" src=\"https:\/\/agorarn.com.br\/files\/uploads\/2026\/03\/WhatsApp-Image-2026-03-11-at-14.19.34-1024x683.jpeg\" alt=\"WhatsApp Image 2026 03 11 at 14.19.34\" class=\"wp-image-1001016\" title=\"Comiss\u00e3o da assembleia convoca cadu xavier para explicar atraso dos consignados | not\u00edcias do rio grande do norte\"\/><figcaption class=\"wp-element-caption\">Deputado estadual Luiz Eduardo (PL), presidente da Comiss\u00e3o de Finan\u00e7as e Fiscaliza\u00e7\u00e3o da ALRN \u2013 Foto: Jo\u00e3o Gilberto \/ ALRN<\/figcaption><\/figure>\n\n\n\n<p>Luiz Eduardo destaca que o problema \u00e9 \u201cgrav\u00edssimo\u201d e tem causado transtornos aos servidores. \u201cOs servidores est\u00e3o sendo negativados e, al\u00e9m disso, inibidos de poder fazer qualquer outro tipo de cr\u00e9dito banc\u00e1rio, porque o governo F\u00e1tima n\u00e3o repassa os consignados. Desconta do servidor e se apropria do recurso, n\u00e3o repassando\u201d, destacou o deputado estadual.<\/p>\n\n\n\n<p>No fim de agosto de 2025, o secret\u00e1rio estadual da Fazenda, Cadu Xavier, fez uma exposi\u00e7\u00e3o na Comiss\u00e3o de Administra\u00e7\u00e3o da Assembleia Legislativa e reconheceu os atrasos nos pagamentos. Em conversa com os deputados estaduais, ele afirmou que os d\u00e9bitos seriam quitados at\u00e9 dezembro \u2014 o que ainda n\u00e3o ocorreu.<\/p>\n\n\n\n<p>Na ocasi\u00e3o, o secret\u00e1rio informou que o Estado possu\u00eda cerca de 106 mil servidores ativos, dos quais 50 mil tinham algum tipo de consigna\u00e7\u00e3o em folha, como empr\u00e9stimos, contribui\u00e7\u00f5es sindicais e descontos de planos de sa\u00fade e associa\u00e7\u00f5es. No total, eram 259 mil opera\u00e7\u00f5es que somavam cerca de R$ 96 milh\u00f5es por m\u00eas. O Banco do Brasil concentra 82% desse valor, em torno de R$ 73,5 milh\u00f5es. Segundo Cadu Xavier, os repasses estavam regulares para associa\u00e7\u00f5es e demais institui\u00e7\u00f5es financeiras, mas pendentes com o Banco do Brasil.<\/p>\n\n\n\n<p>Ele admitiu tamb\u00e9m que os atrasos nos consignados acontecem porque a prioridade do governo \u00e9 manter o pagamento da folha em dia. Segundo Cadu Xavier, se os consignados fossem pagos, faltaria dinheiro para pagar sal\u00e1rios.<\/p>\n\n\n\n<h2 class=\"wp-block-heading\">Indeniza\u00e7\u00e3o para servidores afetados<\/h2>\n\n\n\n<p>Outro deputado que criticou o governo estadual pelo atraso no repasse dos consignados foi Tomba Farias (PL). Em discurso no plen\u00e1rio da Assembleia nesta quarta-feira, ele anunciou que protocolou um projeto de lei que prev\u00ea indeniza\u00e7\u00e3o para os servidores atingidos pela situa\u00e7\u00e3o.<\/p>\n\n\n\n<p>\u201cNosso projeto estabelece uma indeniza\u00e7\u00e3o autom\u00e1tica de 50% do valor da parcela atrasada para o servidor. Precisamos acabar com a cultura de usar sal\u00e1rio de servidor como capital de giro e como pedalada\u201d, afirmou Tomba.<\/p>\n\n\n\n<p>O parlamentar disse que o atraso no repasse de consignados \u00e9 \u201cuma injusti\u00e7a que beira crueldade contra o funcionalismo p\u00fablico do Rio Grande do Norte\u201d.<\/p>\n\n\n\n<p>\u201cIsso \u00e9 inaceit\u00e1vel. O Estado retira o dinheiro do sustento da fam\u00edlia do servidor diretamente no contracheque, mas n\u00e3o repassa \u00e0s institui\u00e7\u00f5es financeiras. O servidor honra sua d\u00edvida, mas acorda com o nome sujo por um erro que n\u00e3o cometeu. Perde o dinheiro no desconto e perde o cr\u00e9dito na pra\u00e7a. \u00c9 um confisco indireto de vencimentos\u201d, afirmou Tomba Farias.<\/p>\n\n\n\n<p>O projeto pro\u00edbe, ainda, a inclus\u00e3o do nome do servidor p\u00fablico em cadastros de restri\u00e7\u00e3o ao cr\u00e9dito (SPC, Serasa e cong\u00eaneres) pelas institui\u00e7\u00f5es financeiras quando o desconto da parcela do empr\u00e9stimo consignado houver sido efetuado regularmente no contracheque e o inadimplemento decorrer exclusivamente da aus\u00eancia de repasse dos valores pelo Poder Executivo Estadual.<\/p>\n\n\n\n<h2 class=\"wp-block-heading\">Prioridade \u00e9 pagar sal\u00e1rio em dia, argumenta l\u00edder do governo<\/h2>\n\n\n\n<p>O l\u00edder do governo na Assembleia, deputado Francisco do PT, afirmou que a cobran\u00e7a sobre o atraso no repasse dos consignados \u00e9 leg\u00edtima. Ele, no entanto, argumentou que o atraso ocorreu porque o governo decidiu preservar o pagamento dos sal\u00e1rios em dia.<\/p>\n\n\n\n<p>O parlamentar afirmou que hoje os servidores t\u00eam a garantia de que o sal\u00e1rio estar\u00e1 dispon\u00edvel ao final de cada m\u00eas. Ele destacou que, at\u00e9 agora, a governadora F\u00e1tima Bezerra (PT) n\u00e3o atrasou o pagamento da folha e ainda quitou quatro folhas herdadas de administra\u00e7\u00f5es anteriores.<\/p>\n\n\n\n<p>\u201cO servidor e a servidora sabem que, apesar das dificuldades \u2014 que s\u00e3o reais, dos consignados \u2014, todo final de m\u00eas eles podem fazer conta que o sal\u00e1rio vai estar na conta. A governadora n\u00e3o atrasou uma folha de sal\u00e1rio at\u00e9 hoje e ainda pagou quatro atrasadas. E tem um detalhe: teve um tempo que os servidores de fato financiavam o Estado, porque governos anteriores decidiram penalizar o servidor. O servidor n\u00e3o era prioridade. Naquele tempo, o servidor tinha o consignado atrasado e o sal\u00e1rio atrasado\u201d, lembrou o deputado.<\/p>\n\n\n\n<p>Francisco do PT tamb\u00e9m afirmou que as cobran\u00e7as s\u00e3o leg\u00edtimas, mas criticou o que chamou de seletividade de parte da oposi\u00e7\u00e3o. Ele disse que alguns parlamentares que hoje cobram explica\u00e7\u00f5es j\u00e1 ocupavam cargos na \u00e9poca em que os sal\u00e1rios tamb\u00e9m eram pagos com atraso e, segundo ele, n\u00e3o demonstravam a mesma indigna\u00e7\u00e3o.<\/p>\n\n\n\n<p>\u201cEu desconhe\u00e7o se foi aberta CPI para investigar o atraso nos sal\u00e1rios dos servidores do Rio Grande do Norte. N\u00e3o sei se, naquela \u00e9poca, os secret\u00e1rios eram convocados para vir aqui explicar a quest\u00e3o dos sal\u00e1rios atrasados\u201d, enfatizou Francisco do PT.<\/p>\n\n\n\n<p>Por fim, o deputado afirmou que o debate ocorre em um contexto pr\u00e9-eleitoral e pediu aten\u00e7\u00e3o da popula\u00e7\u00e3o \u00e0s cr\u00edticas feitas ao governo.<\/p>\n\n\n\n<p>\u201cTem muita gente se colocando \u00e0 disposi\u00e7\u00e3o como solu\u00e7\u00e3o para o Rio Grande do Norte, e \u00e9 preciso o povo ficar atento. Muitos do que hoje se colocam como solu\u00e7\u00e3o foram os mesmo que quebraram o nosso estado, que arruinaram o RN. \u00c9 preciso a gente trazer essa reflex\u00e3o. Num ano eleitoral, os profetas do apocalipse v\u00e3o trazer para a popula\u00e7\u00e3o do RN e do Brasil um quadro como se o Estado estivesse destru\u00eddo. Destru\u00eddo estava quando F\u00e1tima Bezerra o herdou para administrar. Ser\u00e1 que a volta desse pessoal representaria solucionar os problemas ou representaria quebrar de novo o nosso estado, inclusive atrasando sal\u00e1rios dos servidores? \u00c9 uma reflex\u00e3o que precisa ser feita\u201d, finalizou.<\/p>\n\n\n\n<figure class=\"wp-block-image\"><img decoding=\"async\" src=\"https:\/\/agorarn.com.br\/files\/uploads\/2026\/03\/WhatsApp-Image-2026-03-11-at-14.20.39-1024x683.jpeg\" alt=\"WhatsApp Image 2026 03 11 at 14.20.39\" class=\"wp-image-1001017\" title=\"Comiss\u00e3o da assembleia convoca cadu xavier para explicar atraso dos consignados | not\u00edcias do rio grande do norte\"\/><figcaption class=\"wp-element-caption\">Deputado estadual Francisco do PT, l\u00edder do governo na Assembleia Legislativa \u2013 Foto: Jo\u00e3o Gilberto \/ ALRN<\/figcaption><\/figure>\n\n\n\n<p>Fonte <strong>Correio de Hoje<\/strong><\/p>\n","protected":false},"excerpt":{"rendered":"<p>A Comiss\u00e3o de Finan\u00e7as e Fiscaliza\u00e7\u00e3o da Assembleia Legislativa aprovou, nesta quarta-feira 11, a convoca\u00e7\u00e3o do secret\u00e1rio estadual da Fazenda,<\/p>\n","protected":false},"author":1,"featured_media":5521,"comment_status":"closed","ping_status":"closed","sticky":false,"template":"","format":"standard","meta":{"colormag_page_container_layout":"default_layout","colormag_page_sidebar_layout":"default_layout","_jetpack_memberships_contains_paid_content":false,"footnotes":"","jetpack_publicize_message":"","jetpack_publicize_feature_enabled":true,"jetpack_social_post_already_shared":true,"jetpack_social_options":{"image_generator_settings":{"template":"highway","default_image_id":0,"font":"","enabled":false},"version":2}},"categories":[7],"tags":[],"class_list":["post-5520","post","type-post","status-publish","format-standard","has-post-thumbnail","hentry","category-politica"],"yoast_head":"<!-- This site is optimized with the Yoast SEO plugin v26.5 - https:\/\/yoast.com\/wordpress\/plugins\/seo\/ -->\n<title>Comiss\u00e3o da Assembleia convoca Cadu Xavier para explicar atraso dos consignados - Portal BS News<\/title>\n<meta name=\"robots\" content=\"index, follow, max-snippet:-1, max-image-preview:large, max-video-preview:-1\" \/>\n<link rel=\"canonical\" href=\"http:\/\/portalbsnews.com.br\/index.php\/2026\/03\/11\/comissao-da-assembleia-convoca-cadu-xavier-para-explicar-atraso-dos-consignados\/\" \/>\n<meta property=\"og:locale\" content=\"pt_BR\" \/>\n<meta property=\"og:type\" content=\"article\" \/>\n<meta property=\"og:title\" content=\"Comiss\u00e3o da Assembleia convoca Cadu Xavier para explicar atraso dos consignados - Portal BS News\" \/>\n<meta property=\"og:description\" content=\"A Comiss\u00e3o de Finan\u00e7as e Fiscaliza\u00e7\u00e3o da Assembleia Legislativa aprovou, nesta quarta-feira 11, a convoca\u00e7\u00e3o do secret\u00e1rio estadual da Fazenda,\" \/>\n<meta property=\"og:url\" content=\"http:\/\/portalbsnews.com.br\/index.php\/2026\/03\/11\/comissao-da-assembleia-convoca-cadu-xavier-para-explicar-atraso-dos-consignados\/\" \/>\n<meta property=\"og:site_name\" content=\"Portal BS News\" \/>\n<meta property=\"article:published_time\" content=\"2026-03-11T18:18:47+00:00\" \/>\n<meta property=\"article:modified_time\" content=\"2026-03-11T18:18:59+00:00\" \/>\n<meta property=\"og:image\" content=\"http:\/\/portalbsnews.com.br\/wp-content\/uploads\/2026\/03\/WhatsApp-Image-2026-03-11-at-14.19.02-830x468-1.jpeg\" \/>\n\t<meta property=\"og:image:width\" content=\"830\" \/>\n\t<meta property=\"og:image:height\" content=\"468\" \/>\n\t<meta property=\"og:image:type\" content=\"image\/jpeg\" \/>\n<meta name=\"author\" content=\"portalbsnews\" \/>\n<meta name=\"twitter:card\" content=\"summary_large_image\" \/>\n<meta name=\"twitter:label1\" content=\"Escrito por\" \/>\n\t<meta name=\"twitter:data1\" content=\"portalbsnews\" \/>\n\t<meta name=\"twitter:label2\" content=\"Est. tempo de leitura\" \/>\n\t<meta name=\"twitter:data2\" content=\"8 minutos\" \/>\n<script type=\"application\/ld+json\" class=\"yoast-schema-graph\">{\"@context\":\"https:\/\/schema.org\",\"@graph\":[{\"@type\":\"Article\",\"@id\":\"http:\/\/portalbsnews.com.br\/index.php\/2026\/03\/11\/comissao-da-assembleia-convoca-cadu-xavier-para-explicar-atraso-dos-consignados\/#article\",\"isPartOf\":{\"@id\":\"http:\/\/portalbsnews.com.br\/index.php\/2026\/03\/11\/comissao-da-assembleia-convoca-cadu-xavier-para-explicar-atraso-dos-consignados\/\"},\"author\":{\"name\":\"portalbsnews\",\"@id\":\"http:\/\/portalbsnews.com.br\/#\/schema\/person\/094313d5332a0d10957695a9d5148b89\"},\"headline\":\"Comiss\u00e3o da Assembleia convoca Cadu Xavier para explicar atraso dos consignados\",\"datePublished\":\"2026-03-11T18:18:47+00:00\",\"dateModified\":\"2026-03-11T18:18:59+00:00\",\"mainEntityOfPage\":{\"@id\":\"http:\/\/portalbsnews.com.br\/index.php\/2026\/03\/11\/comissao-da-assembleia-convoca-cadu-xavier-para-explicar-atraso-dos-consignados\/\"},\"wordCount\":1361,\"publisher\":{\"@id\":\"http:\/\/portalbsnews.com.br\/#organization\"},\"image\":{\"@id\":\"http:\/\/portalbsnews.com.br\/index.php\/2026\/03\/11\/comissao-da-assembleia-convoca-cadu-xavier-para-explicar-atraso-dos-consignados\/#primaryimage\"},\"thumbnailUrl\":\"http:\/\/portalbsnews.com.br\/wp-content\/uploads\/2026\/03\/WhatsApp-Image-2026-03-11-at-14.19.02-830x468-1.jpeg\",\"articleSection\":[\"Pol\u00edtica\"],\"inLanguage\":\"pt-BR\"},{\"@type\":\"WebPage\",\"@id\":\"http:\/\/portalbsnews.com.br\/index.php\/2026\/03\/11\/comissao-da-assembleia-convoca-cadu-xavier-para-explicar-atraso-dos-consignados\/\",\"url\":\"http:\/\/portalbsnews.com.br\/index.php\/2026\/03\/11\/comissao-da-assembleia-convoca-cadu-xavier-para-explicar-atraso-dos-consignados\/\",\"name\":\"Comiss\u00e3o da Assembleia convoca Cadu Xavier para explicar atraso dos consignados - Portal BS News\",\"isPartOf\":{\"@id\":\"http:\/\/portalbsnews.com.br\/#website\"},\"primaryImageOfPage\":{\"@id\":\"http:\/\/portalbsnews.com.br\/index.php\/2026\/03\/11\/comissao-da-assembleia-convoca-cadu-xavier-para-explicar-atraso-dos-consignados\/#primaryimage\"},\"image\":{\"@id\":\"http:\/\/portalbsnews.com.br\/index.php\/2026\/03\/11\/comissao-da-assembleia-convoca-cadu-xavier-para-explicar-atraso-dos-consignados\/#primaryimage\"},\"thumbnailUrl\":\"http:\/\/portalbsnews.com.br\/wp-content\/uploads\/2026\/03\/WhatsApp-Image-2026-03-11-at-14.19.02-830x468-1.jpeg\",\"datePublished\":\"2026-03-11T18:18:47+00:00\",\"dateModified\":\"2026-03-11T18:18:59+00:00\",\"breadcrumb\":{\"@id\":\"http:\/\/portalbsnews.com.br\/index.php\/2026\/03\/11\/comissao-da-assembleia-convoca-cadu-xavier-para-explicar-atraso-dos-consignados\/#breadcrumb\"},\"inLanguage\":\"pt-BR\",\"potentialAction\":[{\"@type\":\"ReadAction\",\"target\":[\"http:\/\/portalbsnews.com.br\/index.php\/2026\/03\/11\/comissao-da-assembleia-convoca-cadu-xavier-para-explicar-atraso-dos-consignados\/\"]}]},{\"@type\":\"ImageObject\",\"inLanguage\":\"pt-BR\",\"@id\":\"http:\/\/portalbsnews.com.br\/index.php\/2026\/03\/11\/comissao-da-assembleia-convoca-cadu-xavier-para-explicar-atraso-dos-consignados\/#primaryimage\",\"url\":\"http:\/\/portalbsnews.com.br\/wp-content\/uploads\/2026\/03\/WhatsApp-Image-2026-03-11-at-14.19.02-830x468-1.jpeg\",\"contentUrl\":\"http:\/\/portalbsnews.com.br\/wp-content\/uploads\/2026\/03\/WhatsApp-Image-2026-03-11-at-14.19.02-830x468-1.jpeg\",\"width\":830,\"height\":468},{\"@type\":\"BreadcrumbList\",\"@id\":\"http:\/\/portalbsnews.com.br\/index.php\/2026\/03\/11\/comissao-da-assembleia-convoca-cadu-xavier-para-explicar-atraso-dos-consignados\/#breadcrumb\",\"itemListElement\":[{\"@type\":\"ListItem\",\"position\":1,\"name\":\"In\u00edcio\",\"item\":\"http:\/\/portalbsnews.com.br\/\"},{\"@type\":\"ListItem\",\"position\":2,\"name\":\"Comiss\u00e3o da Assembleia convoca Cadu Xavier para explicar atraso dos consignados\"}]},{\"@type\":\"WebSite\",\"@id\":\"http:\/\/portalbsnews.com.br\/#website\",\"url\":\"http:\/\/portalbsnews.com.br\/\",\"name\":\"Portal BS News\",\"description\":\"Aqui voc\u00ea fica informado!\",\"publisher\":{\"@id\":\"http:\/\/portalbsnews.com.br\/#organization\"},\"potentialAction\":[{\"@type\":\"SearchAction\",\"target\":{\"@type\":\"EntryPoint\",\"urlTemplate\":\"http:\/\/portalbsnews.com.br\/?s={search_term_string}\"},\"query-input\":{\"@type\":\"PropertyValueSpecification\",\"valueRequired\":true,\"valueName\":\"search_term_string\"}}],\"inLanguage\":\"pt-BR\"},{\"@type\":\"Organization\",\"@id\":\"http:\/\/portalbsnews.com.br\/#organization\",\"name\":\"Portal BS News\",\"url\":\"http:\/\/portalbsnews.com.br\/\",\"logo\":{\"@type\":\"ImageObject\",\"inLanguage\":\"pt-BR\",\"@id\":\"http:\/\/portalbsnews.com.br\/#\/schema\/logo\/image\/\",\"url\":\"http:\/\/portalbsnews.com.br\/wp-content\/uploads\/2025\/01\/cropped-LOGO-BS-NEWS.png\",\"contentUrl\":\"http:\/\/portalbsnews.com.br\/wp-content\/uploads\/2025\/01\/cropped-LOGO-BS-NEWS.png\",\"width\":900,\"height\":100,\"caption\":\"Portal BS News\"},\"image\":{\"@id\":\"http:\/\/portalbsnews.com.br\/#\/schema\/logo\/image\/\"}},{\"@type\":\"Person\",\"@id\":\"http:\/\/portalbsnews.com.br\/#\/schema\/person\/094313d5332a0d10957695a9d5148b89\",\"name\":\"portalbsnews\",\"image\":{\"@type\":\"ImageObject\",\"inLanguage\":\"pt-BR\",\"@id\":\"http:\/\/portalbsnews.com.br\/#\/schema\/person\/image\/\",\"url\":\"http:\/\/portalbsnews.com.br\/wp-content\/uploads\/2025\/01\/LATERAL-150x150.png\",\"contentUrl\":\"http:\/\/portalbsnews.com.br\/wp-content\/uploads\/2025\/01\/LATERAL-150x150.png\",\"caption\":\"portalbsnews\"},\"sameAs\":[\"http:\/\/portalbsnews.com.br\"],\"url\":\"http:\/\/portalbsnews.com.br\/index.php\/author\/portalbsnews\/\"}]}<\/script>\n<!-- \/ Yoast SEO plugin. -->","yoast_head_json":{"title":"Comiss\u00e3o da Assembleia convoca Cadu Xavier para explicar atraso dos consignados - Portal BS News","robots":{"index":"index","follow":"follow","max-snippet":"max-snippet:-1","max-image-preview":"max-image-preview:large","max-video-preview":"max-video-preview:-1"},"canonical":"http:\/\/portalbsnews.com.br\/index.php\/2026\/03\/11\/comissao-da-assembleia-convoca-cadu-xavier-para-explicar-atraso-dos-consignados\/","og_locale":"pt_BR","og_type":"article","og_title":"Comiss\u00e3o da Assembleia convoca Cadu Xavier para explicar atraso dos consignados - Portal BS News","og_description":"A Comiss\u00e3o de Finan\u00e7as e Fiscaliza\u00e7\u00e3o da Assembleia Legislativa aprovou, nesta quarta-feira 11, a convoca\u00e7\u00e3o do secret\u00e1rio estadual da Fazenda,","og_url":"http:\/\/portalbsnews.com.br\/index.php\/2026\/03\/11\/comissao-da-assembleia-convoca-cadu-xavier-para-explicar-atraso-dos-consignados\/","og_site_name":"Portal BS News","article_published_time":"2026-03-11T18:18:47+00:00","article_modified_time":"2026-03-11T18:18:59+00:00","og_image":[{"width":830,"height":468,"url":"http:\/\/portalbsnews.com.br\/wp-content\/uploads\/2026\/03\/WhatsApp-Image-2026-03-11-at-14.19.02-830x468-1.jpeg","type":"image\/jpeg"}],"author":"portalbsnews","twitter_card":"summary_large_image","twitter_misc":{"Escrito por":"portalbsnews","Est. tempo de leitura":"8 minutos"},"schema":{"@context":"https:\/\/schema.org","@graph":[{"@type":"Article","@id":"http:\/\/portalbsnews.com.br\/index.php\/2026\/03\/11\/comissao-da-assembleia-convoca-cadu-xavier-para-explicar-atraso-dos-consignados\/#article","isPartOf":{"@id":"http:\/\/portalbsnews.com.br\/index.php\/2026\/03\/11\/comissao-da-assembleia-convoca-cadu-xavier-para-explicar-atraso-dos-consignados\/"},"author":{"name":"portalbsnews","@id":"http:\/\/portalbsnews.com.br\/#\/schema\/person\/094313d5332a0d10957695a9d5148b89"},"headline":"Comiss\u00e3o da Assembleia convoca Cadu Xavier para explicar atraso dos consignados","datePublished":"2026-03-11T18:18:47+00:00","dateModified":"2026-03-11T18:18:59+00:00","mainEntityOfPage":{"@id":"http:\/\/portalbsnews.com.br\/index.php\/2026\/03\/11\/comissao-da-assembleia-convoca-cadu-xavier-para-explicar-atraso-dos-consignados\/"},"wordCount":1361,"publisher":{"@id":"http:\/\/portalbsnews.com.br\/#organization"},"image":{"@id":"http:\/\/portalbsnews.com.br\/index.php\/2026\/03\/11\/comissao-da-assembleia-convoca-cadu-xavier-para-explicar-atraso-dos-consignados\/#primaryimage"},"thumbnailUrl":"http:\/\/portalbsnews.com.br\/wp-content\/uploads\/2026\/03\/WhatsApp-Image-2026-03-11-at-14.19.02-830x468-1.jpeg","articleSection":["Pol\u00edtica"],"inLanguage":"pt-BR"},{"@type":"WebPage","@id":"http:\/\/portalbsnews.com.br\/index.php\/2026\/03\/11\/comissao-da-assembleia-convoca-cadu-xavier-para-explicar-atraso-dos-consignados\/","url":"http:\/\/portalbsnews.com.br\/index.php\/2026\/03\/11\/comissao-da-assembleia-convoca-cadu-xavier-para-explicar-atraso-dos-consignados\/","name":"Comiss\u00e3o da Assembleia convoca Cadu Xavier para explicar atraso dos consignados - Portal BS News","isPartOf":{"@id":"http:\/\/portalbsnews.com.br\/#website"},"primaryImageOfPage":{"@id":"http:\/\/portalbsnews.com.br\/index.php\/2026\/03\/11\/comissao-da-assembleia-convoca-cadu-xavier-para-explicar-atraso-dos-consignados\/#primaryimage"},"image":{"@id":"http:\/\/portalbsnews.com.br\/index.php\/2026\/03\/11\/comissao-da-assembleia-convoca-cadu-xavier-para-explicar-atraso-dos-consignados\/#primaryimage"},"thumbnailUrl":"http:\/\/portalbsnews.com.br\/wp-content\/uploads\/2026\/03\/WhatsApp-Image-2026-03-11-at-14.19.02-830x468-1.jpeg","datePublished":"2026-03-11T18:18:47+00:00","dateModified":"2026-03-11T18:18:59+00:00","breadcrumb":{"@id":"http:\/\/portalbsnews.com.br\/index.php\/2026\/03\/11\/comissao-da-assembleia-convoca-cadu-xavier-para-explicar-atraso-dos-consignados\/#breadcrumb"},"inLanguage":"pt-BR","potentialAction":[{"@type":"ReadAction","target":["http:\/\/portalbsnews.com.br\/index.php\/2026\/03\/11\/comissao-da-assembleia-convoca-cadu-xavier-para-explicar-atraso-dos-consignados\/"]}]},{"@type":"ImageObject","inLanguage":"pt-BR","@id":"http:\/\/portalbsnews.com.br\/index.php\/2026\/03\/11\/comissao-da-assembleia-convoca-cadu-xavier-para-explicar-atraso-dos-consignados\/#primaryimage","url":"http:\/\/portalbsnews.com.br\/wp-content\/uploads\/2026\/03\/WhatsApp-Image-2026-03-11-at-14.19.02-830x468-1.jpeg","contentUrl":"http:\/\/portalbsnews.com.br\/wp-content\/uploads\/2026\/03\/WhatsApp-Image-2026-03-11-at-14.19.02-830x468-1.jpeg","width":830,"height":468},{"@type":"BreadcrumbList","@id":"http:\/\/portalbsnews.com.br\/index.php\/2026\/03\/11\/comissao-da-assembleia-convoca-cadu-xavier-para-explicar-atraso-dos-consignados\/#breadcrumb","itemListElement":[{"@type":"ListItem","position":1,"name":"In\u00edcio","item":"http:\/\/portalbsnews.com.br\/"},{"@type":"ListItem","position":2,"name":"Comiss\u00e3o da Assembleia convoca Cadu Xavier para explicar atraso dos consignados"}]},{"@type":"WebSite","@id":"http:\/\/portalbsnews.com.br\/#website","url":"http:\/\/portalbsnews.com.br\/","name":"Portal BS News","description":"Aqui voc\u00ea fica informado!","publisher":{"@id":"http:\/\/portalbsnews.com.br\/#organization"},"potentialAction":[{"@type":"SearchAction","target":{"@type":"EntryPoint","urlTemplate":"http:\/\/portalbsnews.com.br\/?s={search_term_string}"},"query-input":{"@type":"PropertyValueSpecification","valueRequired":true,"valueName":"search_term_string"}}],"inLanguage":"pt-BR"},{"@type":"Organization","@id":"http:\/\/portalbsnews.com.br\/#organization","name":"Portal BS News","url":"http:\/\/portalbsnews.com.br\/","logo":{"@type":"ImageObject","inLanguage":"pt-BR","@id":"http:\/\/portalbsnews.com.br\/#\/schema\/logo\/image\/","url":"http:\/\/portalbsnews.com.br\/wp-content\/uploads\/2025\/01\/cropped-LOGO-BS-NEWS.png","contentUrl":"http:\/\/portalbsnews.com.br\/wp-content\/uploads\/2025\/01\/cropped-LOGO-BS-NEWS.png","width":900,"height":100,"caption":"Portal BS News"},"image":{"@id":"http:\/\/portalbsnews.com.br\/#\/schema\/logo\/image\/"}},{"@type":"Person","@id":"http:\/\/portalbsnews.com.br\/#\/schema\/person\/094313d5332a0d10957695a9d5148b89","name":"portalbsnews","image":{"@type":"ImageObject","inLanguage":"pt-BR","@id":"http:\/\/portalbsnews.com.br\/#\/schema\/person\/image\/","url":"http:\/\/portalbsnews.com.br\/wp-content\/uploads\/2025\/01\/LATERAL-150x150.png","contentUrl":"http:\/\/portalbsnews.com.br\/wp-content\/uploads\/2025\/01\/LATERAL-150x150.png","caption":"portalbsnews"},"sameAs":["http:\/\/portalbsnews.com.br"],"url":"http:\/\/portalbsnews.com.br\/index.php\/author\/portalbsnews\/"}]}},"jetpack_publicize_connections":[],"jetpack_featured_media_url":"http:\/\/portalbsnews.com.br\/wp-content\/uploads\/2026\/03\/WhatsApp-Image-2026-03-11-at-14.19.02-830x468-1.jpeg","jetpack_sharing_enabled":true,"_links":{"self":[{"href":"http:\/\/portalbsnews.com.br\/index.php\/wp-json\/wp\/v2\/posts\/5520","targetHints":{"allow":["GET"]}}],"collection":[{"href":"http:\/\/portalbsnews.com.br\/index.php\/wp-json\/wp\/v2\/posts"}],"about":[{"href":"http:\/\/portalbsnews.com.br\/index.php\/wp-json\/wp\/v2\/types\/post"}],"author":[{"embeddable":true,"href":"http:\/\/portalbsnews.com.br\/index.php\/wp-json\/wp\/v2\/users\/1"}],"replies":[{"embeddable":true,"href":"http:\/\/portalbsnews.com.br\/index.php\/wp-json\/wp\/v2\/comments?post=5520"}],"version-history":[{"count":1,"href":"http:\/\/portalbsnews.com.br\/index.php\/wp-json\/wp\/v2\/posts\/5520\/revisions"}],"predecessor-version":[{"id":5522,"href":"http:\/\/portalbsnews.com.br\/index.php\/wp-json\/wp\/v2\/posts\/5520\/revisions\/5522"}],"wp:featuredmedia":[{"embeddable":true,"href":"http:\/\/portalbsnews.com.br\/index.php\/wp-json\/wp\/v2\/media\/5521"}],"wp:attachment":[{"href":"http:\/\/portalbsnews.com.br\/index.php\/wp-json\/wp\/v2\/media?parent=5520"}],"wp:term":[{"taxonomy":"category","embeddable":true,"href":"http:\/\/portalbsnews.com.br\/index.php\/wp-json\/wp\/v2\/categories?post=5520"},{"taxonomy":"post_tag","embeddable":true,"href":"http:\/\/portalbsnews.com.br\/index.php\/wp-json\/wp\/v2\/tags?post=5520"}],"curies":[{"name":"wp","href":"https:\/\/api.w.org\/{rel}","templated":true}]}}